{"id":13013,"date":"2021-06-17T20:14:05","date_gmt":"2021-06-17T18:14:05","guid":{"rendered":"http:\/\/agora.xtec.cat\/inslesvinyescubelles\/?p=13013"},"modified":"2021-06-18T14:53:02","modified_gmt":"2021-06-18T12:53:02","slug":"llibres-de-text-2021-2022","status":"publish","type":"post","link":"https:\/\/agora.xtec.cat\/inslesvinyescubelles\/general\/llibres-de-text-2021-2022\/","title":{"rendered":"Llibres de text 2021-2022"},"content":{"rendered":"<p style=\"text-align: justify;\"><a href=\"https:\/\/agora.xtec.cat\/inslesvinyescubelles\/wp-content\/uploads\/usu375\/2021\/06\/bandera-roja-del-ejemplo-vector-importante-con-la-marca-de-exclamaci\u00f3n-fresca-154877547.jpg\"><img loading=\"lazy\" decoding=\"async\" class=\"alignleft wp-image-13083\" src=\"https:\/\/agora.xtec.cat\/inslesvinyescubelles\/wp-content\/uploads\/usu375\/2021\/06\/bandera-roja-del-ejemplo-vector-importante-con-la-marca-de-exclamaci\u00f3n-fresca-154877547-300x191.jpg\" alt=\"\" width=\"106\" height=\"68\" srcset=\"https:\/\/agora.xtec.cat\/inslesvinyescubelles\/wp-content\/uploads\/usu375\/2021\/06\/bandera-roja-del-ejemplo-vector-importante-con-la-marca-de-exclamaci\u00f3n-fresca-154877547-300x191.jpg 300w, https:\/\/agora.xtec.cat\/inslesvinyescubelles\/wp-content\/uploads\/usu375\/2021\/06\/bandera-roja-del-ejemplo-vector-importante-con-la-marca-de-exclamaci\u00f3n-fresca-154877547-768x489.jpg 768w, https:\/\/agora.xtec.cat\/inslesvinyescubelles\/wp-content\/uploads\/usu375\/2021\/06\/bandera-roja-del-ejemplo-vector-importante-con-la-marca-de-exclamaci\u00f3n-fresca-154877547.jpg 800w\" sizes=\"auto, (max-width: 106px) 100vw, 106px\" \/><\/a>El dia <strong>2 de juliol de 10h a 12.30h<\/strong>\u00a0us convoquem\u00a0a l&#8217;Institut\u00a0per fer el\u00a0<strong>retorn de llibres ECOBOOKS comprats aquest curs. <\/strong><strong>IDDINK<\/strong>, amb la col\u00b7laboraci\u00f3 de l&#8217;AMPA del nostre centre, <strong>oferir\u00e0 un servei d&#8217;assessorament i ajuda per les comandes dels llibres de text del proper curs.<\/strong><\/p>\n<h4><span style=\"color: #ff6600;\"><strong><span style=\"color: #008080;\">Llistat de llibres de text curs 2021-2022.<\/span><\/strong><\/span><\/h4>\n<ul>\n<li style=\"list-style-type: none;\">\n<ul>\n<li style=\"list-style-type: none;\">\n<ul>\n<li><a href=\"https:\/\/agora.xtec.cat\/inslesvinyescubelles\/wp-content\/uploads\/usu375\/2021\/06\/Llibres-de-text-curs-2021_22.pdf\" target=\"_blank\" rel=\"noopener noreferrer\">Cliqueu aqu\u00ed per veure el llistat complet (de 1r a 4t d&#8217;ESO).<\/a><\/li>\n<\/ul>\n<\/li>\n<\/ul>\n<\/li>\n<\/ul>\n<h4><span style=\"color: #ff6600;\"><strong><span style=\"color: #008080;\">Banc de llibres a trav\u00e9s de l&#8217;empresa IDDINK.<\/span><\/strong><\/span><\/h4>\n<p><img loading=\"lazy\" decoding=\"async\" class=\"wp-image-13145 alignleft\" src=\"https:\/\/agora.xtec.cat\/inslesvinyescubelles\/wp-content\/uploads\/usu375\/2021\/06\/Banc_de_llibres_iddink_ecobooks-55dcto-300x127.jpg\" alt=\"\" width=\"131\" height=\"56\" srcset=\"https:\/\/agora.xtec.cat\/inslesvinyescubelles\/wp-content\/uploads\/usu375\/2021\/06\/Banc_de_llibres_iddink_ecobooks-55dcto-300x130.jpg 300w, https:\/\/agora.xtec.cat\/inslesvinyescubelles\/wp-content\/uploads\/usu375\/2021\/06\/Banc_de_llibres_iddink_ecobooks-55dcto.jpg 306w\" sizes=\"auto, (max-width: 131px) 100vw, 131px\" \/><\/p>\n<p style=\"text-align: justify;\"><span dir=\"ltr\" style=\"font-family: inherit; font-size: 1em;\">L\u2019AMPA, conjuntament amb la direcci\u00f3 de l\u2019Institut, us ofereix<\/span><span dir=\"ltr\" style=\"font-family: inherit; font-size: 1em;\"> l&#8217;opci\u00f3 de que la compra dels llibres es faci a trav\u00e9s de <\/span><span dir=\"ltr\" style=\"font-family: inherit; font-size: 1em;\">l&#8217;empresa Iddink, amb resultats provats en molts centres de Catalunya, Balears i Arag\u00f3, ja que ofereix grans avantatges.<\/span><\/p>\n<p><span dir=\"ltr\" style=\"font-family: inherit; font-size: 1em;\">M\u00e9s informaci\u00f3 clicant en els seg\u00fcents enlla\u00e7os:<\/span><\/p>\n<ul>\n<li style=\"list-style-type: none;\">\n<ul>\n<li style=\"list-style-type: none;\">\n<ul>\n<li><a href=\"https:\/\/agora.xtec.cat\/inslesvinyescubelles\/wp-content\/uploads\/usu375\/2021\/06\/Iddink_carta_a_les_families.pdf\" target=\"_blank\" rel=\"noopener noreferrer\">Informaci\u00f3 general per a les fam\u00edlies.<\/a><\/li>\n<li><a href=\"https:\/\/agora.xtec.cat\/inslesvinyescubelles\/wp-content\/uploads\/usu375\/2021\/06\/Iddink_com_fer_la_comanda.pdf\" target=\"_blank\" rel=\"noopener noreferrer\">Com funciona IDDINK?<\/a><\/li>\n<\/ul>\n<\/li>\n<\/ul>\n<\/li>\n<\/ul>\n<h4><span style=\"color: #ff6600;\"><strong><span style=\"color: #008080;\">Carpes\u00e0 de l&#8217;Institut Les Vinyes 2021-2022<\/span><\/strong><\/span><\/h4>\n<p style=\"text-align: justify;\"><span dir=\"ltr\" style=\"font-family: inherit; font-size: 1em;\"><a href=\"https:\/\/agora.xtec.cat\/inslesvinyescubelles\/wp-content\/uploads\/usu375\/2021\/06\/20210618_1r_Carpesa_curs_21-22.jpg\"><img loading=\"lazy\" decoding=\"async\" class=\"alignleft wp-image-13172\" src=\"https:\/\/agora.xtec.cat\/inslesvinyescubelles\/wp-content\/uploads\/usu375\/2021\/06\/20210618_1r_Carpesa_curs_21-22-300x272.jpg\" alt=\"\" width=\"159\" height=\"144\" srcset=\"https:\/\/agora.xtec.cat\/inslesvinyescubelles\/wp-content\/uploads\/usu375\/2021\/06\/20210618_1r_Carpesa_curs_21-22-300x272.jpg 300w, https:\/\/agora.xtec.cat\/inslesvinyescubelles\/wp-content\/uploads\/usu375\/2021\/06\/20210618_1r_Carpesa_curs_21-22-768x697.jpg 768w, https:\/\/agora.xtec.cat\/inslesvinyescubelles\/wp-content\/uploads\/usu375\/2021\/06\/20210618_1r_Carpesa_curs_21-22-1024x929.jpg 1024w\" sizes=\"auto, (max-width: 159px) 100vw, 159px\" \/><\/a><strong>L\u2019AMPA de l&#8217;Institut Les Vinyes obsequiar\u00e0<\/strong> el curs que ve <strong>a tot l&#8217;alumnat del centre amb un carpes\u00e0<\/strong> corporatiu del centre. <\/span><\/p>\n<p style=\"text-align: justify;\"><span dir=\"ltr\" style=\"font-family: inherit; font-size: 1em;\"><strong>La imatge del carpes\u00e0<\/strong> ha estat realitzada per l&#8217;<strong>alumna de 1r d&#8217;ESO, Maria Mart\u00ednez<\/strong>, qui ha resultat <strong>guanyadora del 1r Concurs de Dibuix &#8220;Carpes\u00e0 Institut Les Vinyes&#8221;<\/strong> que es va realitzar al centre entre tot l&#8217;alumnat de 1r d&#8217;ESO.\u00a0<\/span><\/p>\n<p>&nbsp;<\/p>\n","protected":false},"excerpt":{"rendered":"<p><a href=\"https:\/\/agora.xtec.cat\/inslesvinyescubelles\/wp-content\/uploads\/usu375\/2021\/06\/bandera-roja-del-ejemplo-vector-importante-con-la-marca-de-exclamaci\u00f3n-fresca-154877547.jpg\"><\/a>El dia 2 de juliol de 10h a 12.30h\u00a0us convoquem\u00a0a l&#8217;Institut\u00a0per fer el\u00a0retorn de llibres ECOBOOKS comprats aquest curs. IDDINK, amb la col\u00b7laboraci\u00f3 de l&#8217;AMPA del nostre centre, oferir\u00e0 un servei d&#8217;assessorament i ajuda per les comandes dels llibres de text del proper curs.<br \/>\nLlistat&hellip;  <a href=\"https:\/\/agora.xtec.cat\/inslesvinyescubelles\/general\/llibres-de-text-2021-2022\/\" title=\"Read Llibres de text 2021-2022\">Llegeix m\u00e9s\u00bb<\/a><\/p>\n","protected":false},"author":1,"featured_media":0,"comment_status":"closed","ping_status":"closed","sticky":false,"template":"","format":"standard","meta":{"_bbp_topic_count":0,"_bbp_reply_count":0,"_bbp_total_topic_count":0,"_bbp_total_reply_count":0,"_bbp_voice_count":0,"_bbp_anonymous_reply_count":0,"_bbp_topic_count_hidden":0,"_bbp_reply_count_hidden":0,"_bbp_forum_subforum_count":0,"footnotes":""},"categories":[1],"tags":[],"class_list":["post-13013","post","type-post","status-publish","format-standard","hentry","category-general"],"post_mailing_queue_ids":[],"_links":{"self":[{"href":"https:\/\/agora.xtec.cat\/inslesvinyescubelles\/wp-json\/wp\/v2\/posts\/13013","targetHints":{"allow":["GET"]}}],"collection":[{"href":"https:\/\/agora.xtec.cat\/inslesvinyescubelles\/wp-json\/wp\/v2\/posts"}],"about":[{"href":"https:\/\/agora.xtec.cat\/inslesvinyescubelles\/wp-json\/wp\/v2\/types\/post"}],"author":[{"embeddable":true,"href":"https:\/\/agora.xtec.cat\/inslesvinyescubelles\/wp-json\/wp\/v2\/users\/1"}],"replies":[{"embeddable":true,"href":"https:\/\/agora.xtec.cat\/inslesvinyescubelles\/wp-json\/wp\/v2\/comments?post=13013"}],"version-history":[{"count":3,"href":"https:\/\/agora.xtec.cat\/inslesvinyescubelles\/wp-json\/wp\/v2\/posts\/13013\/revisions"}],"predecessor-version":[{"id":13174,"href":"https:\/\/agora.xtec.cat\/inslesvinyescubelles\/wp-json\/wp\/v2\/posts\/13013\/revisions\/13174"}],"wp:attachment":[{"href":"https:\/\/agora.xtec.cat\/inslesvinyescubelles\/wp-json\/wp\/v2\/media?parent=13013"}],"wp:term":[{"taxonomy":"category","embeddable":true,"href":"https:\/\/agora.xtec.cat\/inslesvinyescubelles\/wp-json\/wp\/v2\/categories?post=13013"},{"taxonomy":"post_tag","embeddable":true,"href":"https:\/\/agora.xtec.cat\/inslesvinyescubelles\/wp-json\/wp\/v2\/tags?post=13013"}],"curies":[{"name":"wp","href":"https:\/\/api.w.org\/{rel}","templated":true}]}}