{"id":12959,"date":"2021-06-16T10:30:03","date_gmt":"2021-06-16T08:30:03","guid":{"rendered":"http:\/\/agora.xtec.cat\/inslesvinyescubelles\/?p=12959"},"modified":"2021-06-16T18:31:26","modified_gmt":"2021-06-16T16:31:26","slug":"%f0%9f%8d%bf%f0%9f%93%bd%ef%b8%8f-take-you-pop-corn-and-enjoy","status":"publish","type":"post","link":"https:\/\/agora.xtec.cat\/inslesvinyescubelles\/general\/%f0%9f%8d%bf%f0%9f%93%bd%ef%b8%8f-take-you-pop-corn-and-enjoy\/","title":{"rendered":"\ud83c\udf7f\ud83d\udcfd\ufe0f Take you Popcorn and enjoy!!"},"content":{"rendered":"<p dir=\"auto\" style=\"text-align: justify;\">L&#8217;alumnat de <strong>1r d&#8217;ESO de l&#8217;optativa en angl\u00e8s Theatre Worksh<\/strong>op ha treballat de valent per fer realitat aquest projecte de <strong>teatre d&#8217;ombres<\/strong> que malauradament es va quedar a mitges el curs passat per causa de la pand\u00e8mia.<strong> L&#8217;obra anomenada Elmer, ens transmet valors positius i \u00e9s un clam a la celebraci\u00f3 de les difer\u00e8ncies. <\/strong>Amb la col.laboraci\u00f3 especial de la nostre s\u00faper conserge i ballarina Anna Brigos que ha organitzat unes fant\u00e0stiques coreografies!!<br \/>\nTake your Popcorn and enjoy!! \ud83c\udf7f\ud83c\udf7f<\/p>\n<p><iframe loading=\"lazy\" title=\"Theatre Workshop 1r ESO - Elmer\" width=\"500\" height=\"281\" src=\"https:\/\/www.youtube.com\/embed\/crfadi26Uy8?feature=oembed\" frameborder=\"0\" allow=\"accelerometer; autoplay; clipboard-write; encrypted-media; gyroscope; picture-in-picture; web-share\" referrerpolicy=\"strict-origin-when-cross-origin\" allowfullscreen><\/iframe><\/p>\n<div dir=\"auto\"><\/div>\n","protected":false},"excerpt":{"rendered":"<p>L&#8217;alumnat de 1r d&#8217;ESO de l&#8217;optativa en angl\u00e8s Theatre Workshop ha treballat de valent per fer realitat aquest projecte de teatre d&#8217;ombres que malauradament es va quedar a mitges el curs passat per causa de la pand\u00e8mia. L&#8217;obra anomenada Elmer, ens transmet valors positius i&hellip;  <a href=\"https:\/\/agora.xtec.cat\/inslesvinyescubelles\/general\/%f0%9f%8d%bf%f0%9f%93%bd%ef%b8%8f-take-you-pop-corn-and-enjoy\/\" title=\"Read \ud83c\udf7f\ud83d\udcfd\ufe0f Take you Popcorn and enjoy!!\">Llegeix m\u00e9s\u00bb<\/a><\/p>\n","protected":false},"author":1,"featured_media":12963,"comment_status":"open","ping_status":"closed","sticky":false,"template":"","format":"standard","meta":{"_bbp_topic_count":0,"_bbp_reply_count":0,"_bbp_total_topic_count":0,"_bbp_total_reply_count":0,"_bbp_voice_count":0,"_bbp_anonymous_reply_count":0,"_bbp_topic_count_hidden":0,"_bbp_reply_count_hidden":0,"_bbp_forum_subforum_count":0,"footnotes":""},"categories":[235,236,1,29],"tags":[],"class_list":["post-12959","post","type-post","status-publish","format-standard","has-post-thumbnail","hentry","category-1r-eso-2019-20","category-eso-1a","category-general","category-portada"],"post_mailing_queue_ids":[],"_links":{"self":[{"href":"https:\/\/agora.xtec.cat\/inslesvinyescubelles\/wp-json\/wp\/v2\/posts\/12959","targetHints":{"allow":["GET"]}}],"collection":[{"href":"https:\/\/agora.xtec.cat\/inslesvinyescubelles\/wp-json\/wp\/v2\/posts"}],"about":[{"href":"https:\/\/agora.xtec.cat\/inslesvinyescubelles\/wp-json\/wp\/v2\/types\/post"}],"author":[{"embeddable":true,"href":"https:\/\/agora.xtec.cat\/inslesvinyescubelles\/wp-json\/wp\/v2\/users\/1"}],"replies":[{"embeddable":true,"href":"https:\/\/agora.xtec.cat\/inslesvinyescubelles\/wp-json\/wp\/v2\/comments?post=12959"}],"version-history":[{"count":3,"href":"https:\/\/agora.xtec.cat\/inslesvinyescubelles\/wp-json\/wp\/v2\/posts\/12959\/revisions"}],"predecessor-version":[{"id":12982,"href":"https:\/\/agora.xtec.cat\/inslesvinyescubelles\/wp-json\/wp\/v2\/posts\/12959\/revisions\/12982"}],"wp:featuredmedia":[{"embeddable":true,"href":"https:\/\/agora.xtec.cat\/inslesvinyescubelles\/wp-json\/wp\/v2\/media\/12963"}],"wp:attachment":[{"href":"https:\/\/agora.xtec.cat\/inslesvinyescubelles\/wp-json\/wp\/v2\/media?parent=12959"}],"wp:term":[{"taxonomy":"category","embeddable":true,"href":"https:\/\/agora.xtec.cat\/inslesvinyescubelles\/wp-json\/wp\/v2\/categories?post=12959"},{"taxonomy":"post_tag","embeddable":true,"href":"https:\/\/agora.xtec.cat\/inslesvinyescubelles\/wp-json\/wp\/v2\/tags?post=12959"}],"curies":[{"name":"wp","href":"https:\/\/api.w.org\/{rel}","templated":true}]}}