{"id":12577,"date":"2021-04-24T08:04:55","date_gmt":"2021-04-24T06:04:55","guid":{"rendered":"http:\/\/agora.xtec.cat\/inslesvinyescubelles\/?p=12577"},"modified":"2021-04-24T08:18:47","modified_gmt":"2021-04-24T06:18:47","slug":"%f0%9f%8f%96%ef%b8%8f-volem-la-platja-neta","status":"publish","type":"post","link":"https:\/\/agora.xtec.cat\/inslesvinyescubelles\/general\/%f0%9f%8f%96%ef%b8%8f-volem-la-platja-neta\/","title":{"rendered":"\ud83c\udfd6\ufe0f  Volem les platges netes!!!"},"content":{"rendered":"<p style=\"text-align: justify;\">\ud83d\udc4d\u267b\ufe0f\ud83d\udeae Aquesta setmana el nostre <span style=\"color: #008080;\"><strong>alumnat de 2n d&#8217;ESO<\/strong><\/span> ha aportat el seu gra de sorra perqu\u00e8 les platges del nostre poble estiguin netes. En <span style=\"color: #008080;\"><strong>Cultura i Valors<\/strong><\/span> estan treballant la tem\u00e0tica <span style=\"color: #008080;\"><strong>No Planet B, <span style=\"color: #008080;\">centrada en l&#8217;educaci\u00f3 i sensibilitzaci\u00f3 ambiental<\/span><\/strong><strong>. <\/strong><\/span>Amb l&#8217;objectiu que l&#8217;alumnat prengui consci\u00e8ncia real d&#8217;aquesta problem\u00e0tica <strong><span style=\"color: #008080;\">han col\u00b7laborat amb el Servei de Medi Natural i Litoral del Garraf com a voluntaris<\/span><\/strong> en la <span style=\"color: #008080;\"><strong>neteja de les platges de Cubelles<\/strong><\/span>.<\/p>\n<p style=\"text-align: justify;\">En aquesta activitat, despr\u00e9s d&#8217;una petita xerrada divulgativa a l&#8217;Institut, han sortit del centre per comen\u00e7ar el treball de camp, fent un recorregut, que els ha portat per la desembocadura del Riu Foix i la Platja Llarga de Cubelles, al llarg del qual han anat arreplegant tots aquells residus que han trobat pel cam\u00ed. En acabar el recorregut han anat als contenidors de reciclatge per dispositar all\u00ed totes les escombreries recollides. Una experi\u00e8ncia molt enriquidora que de ben segur haur\u00e0 remogut la consci\u00e8ncia del nostre alumnat, i que far\u00e0 que, d&#8217;ara en endavant, sigui m\u00e9s cur\u00f3s amb el medi ambient. Continuem creixent!!!\ud83d\ude0e\ud83d\ude4c<\/p>\n\r\n\t<div class=\"slideshow_container slideshow_container_style-light\" style=\" \" data-slideshow-id=\"12598\" data-style-name=\"style-light\" data-style-version=\"2.3.1\" >\r\n\r\n\t\t\t\t\t<div class=\"slideshow_loading_icon\"><\/div>\r\n\t\t\r\n\t\t<div class=\"slideshow_content\" style=\"display: none;\">\r\n\r\n\t\t\t<div class=\"slideshow_view\">\r\n\t\t\t\t<div class=\"slideshow_slide slideshow_slide_image\">\r\n\t\t\t\t\t\t\t\t\t\t\t<img src=\"https:\/\/agora.xtec.cat\/inslesvinyescubelles\/wp-content\/uploads\/usu375\/2021\/04\/2021_04_23_CiVE_2nAC_neteja_platja-01-e1619245008103.jpg\" alt=\"2021_04_23_CiVE_2nAC_neteja_platja-01\" width=\"1500\" height=\"668\" \/>\r\n\t\t\t\t\t\t\t\t\t\t<div class=\"slideshow_description_box slideshow_transparent\">\r\n\t\t\t\t\t\t\t\t\t\t\t\t\t\t\t\t\t<\/div>\r\n\t\t\t\t<\/div>\r\n\r\n\t\t\t\t\t\t<div style=\"clear: both;\"><\/div><\/div><div class=\"slideshow_view\">\r\n\t\t\t\t<div class=\"slideshow_slide slideshow_slide_image\">\r\n\t\t\t\t\t\t\t\t\t\t\t<img src=\"https:\/\/agora.xtec.cat\/inslesvinyescubelles\/wp-content\/uploads\/usu375\/2021\/04\/2021_04_23_CiVE_2nAC_neteja_platja-02.jpg\" alt=\"2021_04_23_CiVE_2nAC_neteja_platja-02\" width=\"3947\" height=\"2071\" \/>\r\n\t\t\t\t\t\t\t\t\t\t<div class=\"slideshow_description_box slideshow_transparent\">\r\n\t\t\t\t\t\t\t\t\t\t\t\t\t\t\t\t\t<\/div>\r\n\t\t\t\t<\/div>\r\n\r\n\t\t\t\t\t\t<div style=\"clear: both;\"><\/div><\/div><div class=\"slideshow_view\">\r\n\t\t\t\t<div class=\"slideshow_slide slideshow_slide_image\">\r\n\t\t\t\t\t\t\t\t\t\t\t<img src=\"https:\/\/agora.xtec.cat\/inslesvinyescubelles\/wp-content\/uploads\/usu375\/2021\/04\/2021_04_23_CiVE_2nAC_neteja_platja-03.jpg\" alt=\"2021_04_23_CiVE_2nAC_neteja_platja-03\" width=\"3455\" height=\"2023\" \/>\r\n\t\t\t\t\t\t\t\t\t\t<div class=\"slideshow_description_box slideshow_transparent\">\r\n\t\t\t\t\t\t\t\t\t\t\t\t\t\t\t\t\t<\/div>\r\n\t\t\t\t<\/div>\r\n\r\n\t\t\t\t\t\t<div style=\"clear: both;\"><\/div><\/div><div class=\"slideshow_view\">\r\n\t\t\t\t<div class=\"slideshow_slide slideshow_slide_image\">\r\n\t\t\t\t\t\t\t\t\t\t\t<img src=\"https:\/\/agora.xtec.cat\/inslesvinyescubelles\/wp-content\/uploads\/usu375\/2021\/04\/2021_04_23_CiVE_2nAC_neteja_platja-04.jpg\" alt=\"2021_04_23_CiVE_2nAC_neteja_platja-04\" width=\"3918\" height=\"1977\" \/>\r\n\t\t\t\t\t\t\t\t\t\t<div class=\"slideshow_description_box slideshow_transparent\">\r\n\t\t\t\t\t\t\t\t\t\t\t\t\t\t\t\t\t<\/div>\r\n\t\t\t\t<\/div>\r\n\r\n\t\t\t\t\t\t<div style=\"clear: both;\"><\/div><\/div><div class=\"slideshow_view\">\r\n\t\t\t\t<div class=\"slideshow_slide slideshow_slide_image\">\r\n\t\t\t\t\t\t\t\t\t\t\t<img src=\"https:\/\/agora.xtec.cat\/inslesvinyescubelles\/wp-content\/uploads\/usu375\/2021\/04\/2021_04_23_CiVE_2nAC_neteja_platja-05.jpg\" alt=\"2021_04_23_CiVE_2nAC_neteja_platja-05\" width=\"4009\" height=\"1936\" \/>\r\n\t\t\t\t\t\t\t\t\t\t<div class=\"slideshow_description_box slideshow_transparent\">\r\n\t\t\t\t\t\t\t\t\t\t\t\t\t\t\t\t\t<\/div>\r\n\t\t\t\t<\/div>\r\n\r\n\t\t\t\t\t\t<div style=\"clear: both;\"><\/div><\/div><div class=\"slideshow_view\">\r\n\t\t\t\t<div class=\"slideshow_slide slideshow_slide_image\">\r\n\t\t\t\t\t\t\t\t\t\t\t<img src=\"https:\/\/agora.xtec.cat\/inslesvinyescubelles\/wp-content\/uploads\/usu375\/2021\/04\/2021_04_23_CiVE_2nAC_neteja_platja-06.jpg\" alt=\"2021_04_23_CiVE_2nAC_neteja_platja-06\" width=\"4591\" height=\"1931\" \/>\r\n\t\t\t\t\t\t\t\t\t\t<div class=\"slideshow_description_box slideshow_transparent\">\r\n\t\t\t\t\t\t\t\t\t\t\t\t\t\t\t\t\t<\/div>\r\n\t\t\t\t<\/div>\r\n\r\n\t\t\t\t\t\t<div style=\"clear: both;\"><\/div><\/div><div class=\"slideshow_view\">\r\n\t\t\t\t<div class=\"slideshow_slide slideshow_slide_image\">\r\n\t\t\t\t\t\t\t\t\t\t\t<img src=\"https:\/\/agora.xtec.cat\/inslesvinyescubelles\/wp-content\/uploads\/usu375\/2021\/04\/2021_04_23_CiVE_2nAC_neteja_platja-07.jpg\" alt=\"2021_04_23_CiVE_2nAC_neteja_platja-07\" width=\"3625\" height=\"1447\" \/>\r\n\t\t\t\t\t\t\t\t\t\t<div class=\"slideshow_description_box slideshow_transparent\">\r\n\t\t\t\t\t\t\t\t\t\t\t\t\t\t\t\t\t<\/div>\r\n\t\t\t\t<\/div>\r\n\r\n\t\t\t\t\t\t<div style=\"clear: both;\"><\/div><\/div>\r\n\t\t<\/div>\r\n\r\n\t\t<div class=\"slideshow_controlPanel slideshow_transparent\" style=\"display: none;\"><ul><li class=\"slideshow_togglePlay\" data-play-text=\"Visualitza\" data-pause-text=\"Pausa\"><\/li><\/ul><\/div>\r\n\r\n\t\t<div class=\"slideshow_button slideshow_previous slideshow_transparent\" role=\"button\" data-previous-text=\"Anterior\" style=\"display: none;\"><\/div>\r\n\t\t<div class=\"slideshow_button slideshow_next slideshow_transparent\" role=\"button\" data-next-text=\"Seg\u00fcent\" style=\"display: none;\"><\/div>\r\n\r\n\t\t<div class=\"slideshow_pagination\" style=\"display: none;\" data-go-to-text=\"V\u00e9s a la diapositiva\"><div class=\"slideshow_pagination_center\"><\/div><\/div>\r\n\r\n\t\t<!-- WordPress Slideshow Version 2.3.1 -->\r\n\r\n\t\t\t<\/div>\r\n\r\n\n","protected":false},"excerpt":{"rendered":"<p>\ud83d\udc4d\u267b\ufe0f\ud83d\udeae Aquesta setmana el nostre alumnat de 2n d&#8217;ESO ha aportat el seu gra de sorra perqu\u00e8 les platges del nostre poble estiguin netes. En Cultura i Valors estan treballant la tem\u00e0tica No Planet B, centrada en l&#8217;educaci\u00f3 i sensibilitzaci\u00f3 ambiental. Amb l&#8217;objectiu que l&#8217;alumnat&hellip;  <a href=\"https:\/\/agora.xtec.cat\/inslesvinyescubelles\/general\/%f0%9f%8f%96%ef%b8%8f-volem-la-platja-neta\/\" title=\"Read \ud83c\udfd6\ufe0f  Volem les platges netes!!!\">Llegeix m\u00e9s\u00bb<\/a><\/p>\n","protected":false},"author":1,"featured_media":12604,"comment_status":"open","ping_status":"closed","sticky":false,"template":"","format":"standard","meta":{"_bbp_topic_count":0,"_bbp_reply_count":0,"_bbp_total_topic_count":0,"_bbp_total_reply_count":0,"_bbp_voice_count":0,"_bbp_anonymous_reply_count":0,"_bbp_topic_count_hidden":0,"_bbp_reply_count_hidden":0,"_bbp_forum_subforum_count":0,"footnotes":""},"categories":[143,81,234,1,29],"tags":[],"class_list":["post-12577","post","type-post","status-publish","format-standard","has-post-thumbnail","hentry","category-2n-eso-2019-20","category-eso-a2","category-eso-2c","category-general","category-portada"],"post_mailing_queue_ids":[],"_links":{"self":[{"href":"https:\/\/agora.xtec.cat\/inslesvinyescubelles\/wp-json\/wp\/v2\/posts\/12577","targetHints":{"allow":["GET"]}}],"collection":[{"href":"https:\/\/agora.xtec.cat\/inslesvinyescubelles\/wp-json\/wp\/v2\/posts"}],"about":[{"href":"https:\/\/agora.xtec.cat\/inslesvinyescubelles\/wp-json\/wp\/v2\/types\/post"}],"author":[{"embeddable":true,"href":"https:\/\/agora.xtec.cat\/inslesvinyescubelles\/wp-json\/wp\/v2\/users\/1"}],"replies":[{"embeddable":true,"href":"https:\/\/agora.xtec.cat\/inslesvinyescubelles\/wp-json\/wp\/v2\/comments?post=12577"}],"version-history":[{"count":3,"href":"https:\/\/agora.xtec.cat\/inslesvinyescubelles\/wp-json\/wp\/v2\/posts\/12577\/revisions"}],"predecessor-version":[{"id":12611,"href":"https:\/\/agora.xtec.cat\/inslesvinyescubelles\/wp-json\/wp\/v2\/posts\/12577\/revisions\/12611"}],"wp:featuredmedia":[{"embeddable":true,"href":"https:\/\/agora.xtec.cat\/inslesvinyescubelles\/wp-json\/wp\/v2\/media\/12604"}],"wp:attachment":[{"href":"https:\/\/agora.xtec.cat\/inslesvinyescubelles\/wp-json\/wp\/v2\/media?parent=12577"}],"wp:term":[{"taxonomy":"category","embeddable":true,"href":"https:\/\/agora.xtec.cat\/inslesvinyescubelles\/wp-json\/wp\/v2\/categories?post=12577"},{"taxonomy":"post_tag","embeddable":true,"href":"https:\/\/agora.xtec.cat\/inslesvinyescubelles\/wp-json\/wp\/v2\/tags?post=12577"}],"curies":[{"name":"wp","href":"https:\/\/api.w.org\/{rel}","templated":true}]}}