{"id":12206,"date":"2021-02-15T19:13:09","date_gmt":"2021-02-15T18:13:09","guid":{"rendered":"http:\/\/agora.xtec.cat\/inslesvinyescubelles\/?p=12206"},"modified":"2021-06-07T13:48:49","modified_gmt":"2021-06-07T11:48:49","slug":"preinscripcio","status":"publish","type":"post","link":"https:\/\/agora.xtec.cat\/inslesvinyescubelles\/general\/preinscripcio\/","title":{"rendered":"Preinscripci\u00f3 2021-2022"},"content":{"rendered":"<table style=\"height: 124px; width: 365px;\" width=\"807\">\n<tbody>\n<tr style=\"height: 124px;\">\n<td style=\"width: 80px; border-style: hidden; height: 124px;\"><a href=\"https:\/\/agora.xtec.cat\/inslesvinyescubelles\/wp-content\/uploads\/usu375\/2021\/02\/Nou.gif\"><img loading=\"lazy\" decoding=\"async\" class=\"alignleft wp-image-12524\" src=\"https:\/\/agora.xtec.cat\/inslesvinyescubelles\/wp-content\/uploads\/usu375\/2021\/02\/Nou.gif\" alt=\"\" width=\"72\" height=\"62\" \/><\/a><\/td>\n<td style=\"width: 278.4px; border-style: hidden; height: 124px;\">\n<h4 style=\"text-align: justify;\"><span style=\"color: #000000;\"><strong>Alumnat assignat al centre 7\/6\/21<\/strong><\/span><\/h4>\n<h4 style=\"text-align: justify;\">Clica aqu\u00ed per veure la informaci\u00f3.<\/h4>\n<p><a href=\"https:\/\/agora.xtec.cat\/inslesvinyescubelles\/wp-content\/uploads\/usu375\/2021\/06\/Alumnat-assignat_21_22.pdf\">Llistat alumnat assignat al centre 7\/6\/21<\/a><\/td>\n<\/tr>\n<\/tbody>\n<\/table>\n<h4><\/h4>\n<ul>\n<li><span style=\"color: #000000;\"><strong>Termini de presentaci\u00f3 de sol\u00b7licituds.<\/strong><\/span><\/li>\n<\/ul>\n<p style=\"padding-left: 40px;\"><span style=\"color: #000000;\">Del 17 al 24 de mar\u00e7 de 2021 (amd\u00f3s inclosos). <strong><span style=\"color: #ff0000;\"><em>Termini finalitzat!<\/em><\/span><\/strong><\/span><\/p>\n<ul>\n<li><span style=\"color: #000000;\"><strong>Oferta inicial de places (a 11\/03\/21).<\/strong><\/span><\/li>\n<\/ul>\n<p style=\"padding-left: 40px;\"><span style=\"color: #008080;\"><strong><a style=\"color: #008080;\" href=\"https:\/\/agora.xtec.cat\/inslesvinyescubelles\/wp-content\/uploads\/usu375\/2021\/02\/Oferta_places_Ins_Les_Vinyes_Curs2122.pdf\" target=\"_blank\" rel=\"noopener noreferrer\">Clica aqu\u00ed per veure el document oficial.<\/a><\/strong><\/span><\/p>\n<table style=\"height: 208px; width: 339px;\" width=\"805\">\n<tbody>\n<tr style=\"height: 48px;\">\n<td style=\"width: 66px; height: 80px; text-align: center; background-color: #7fb07f; border-color: #f5f3f2;\" rowspan=\"2\"><span style=\"color: #ffffff;\"><strong>CURS<\/strong><\/span><\/td>\n<td style=\"width: 69.6px; text-align: center; height: 80px; background-color: #7fb07f; border-color: #f5f3f2;\" rowspan=\"2\"><span style=\"color: #ffffff;\"><strong>Oferta escolar<\/strong><\/span><\/td>\n<td style=\"width: 195.6px; text-align: center; height: 48px; background-color: #7fb07f; border-color: #f5f3f2;\" colspan=\"2\"><span style=\"color: #ffffff;\"><strong>OFERTA DE PLACES PER A PREINSCRIPCI\u00d3<\/strong><\/span><\/td>\n<\/tr>\n<tr style=\"height: 32px;\">\n<td style=\"width: 94.8px; text-align: center; height: 32px; background-color: #7fb07f; border-color: #f5f3f2;\"><span style=\"color: #ffffff;\"><strong>Ordin\u00e0ries<\/strong><\/span><\/td>\n<td style=\"width: 99.6px; text-align: center; height: 32px; background-color: #7fb07f; border-color: #f5f3f2;\"><span style=\"color: #ffffff;\"><strong>NEE<\/strong><\/span><\/td>\n<\/tr>\n<tr style=\"height: 32px;\">\n<td style=\"width: 66px; height: 32px; text-align: center;\"><strong>1r ESO<\/strong><\/td>\n<td style=\"width: 69.6px; text-align: center; height: 32px;\">60<\/td>\n<td style=\"width: 94.8px; text-align: center; height: 32px;\">54<\/td>\n<td style=\"width: 99.6px; text-align: center; height: 32px;\">4<\/td>\n<\/tr>\n<tr style=\"height: 32px;\">\n<td style=\"width: 66px; height: 32px; text-align: center; background-color: #e6e6e6;\"><strong>2n ESO<\/strong><\/td>\n<td style=\"width: 69.6px; text-align: center; height: 32px; background-color: #e6e6e6;\">60<\/td>\n<td style=\"width: 94.8px; text-align: center; height: 32px; background-color: #e6e6e6;\">7<\/td>\n<td style=\"width: 99.6px; text-align: center; height: 32px; background-color: #e6e6e6;\">3<\/td>\n<\/tr>\n<tr style=\"height: 32px;\">\n<td style=\"width: 66px; height: 32px; text-align: center;\"><strong>3r ESO<\/strong><\/td>\n<td style=\"width: 69.6px; text-align: center; height: 32px;\">60<\/td>\n<td style=\"width: 94.8px; text-align: center; height: 32px;\">2<\/td>\n<td style=\"width: 99.6px; text-align: center; height: 32px;\">0<\/td>\n<\/tr>\n<tr style=\"height: 32px;\">\n<td style=\"width: 66px; height: 32px; text-align: center; background-color: #e6e6e6;\"><strong>4t ESO<\/strong><\/td>\n<td style=\"width: 69.6px; text-align: center; height: 32px; background-color: #e6e6e6;\">60<\/td>\n<td style=\"width: 94.8px; text-align: center; height: 32px; background-color: #e6e6e6;\">4<\/td>\n<td style=\"width: 99.6px; text-align: center; height: 32px; background-color: #e6e6e6;\">0<\/td>\n<\/tr>\n<\/tbody>\n<\/table>\n<ul style=\"list-style-type: disc;\">\n<li><span style=\"color: #008080;\"><strong><span style=\"color: #000000;\">Com fer la preinscripci\u00f3 en l\u00ednia.<\/span><\/strong><\/span><\/li>\n<\/ul>\n<p style=\"text-align: justify; padding-left: 40px;\"><span style=\"color: #000000;\">Aqu\u00ed et deixem un v\u00eddeo realitzat pel Departament d&#8217;Educaci\u00f3 de la Generalitat de Catalunya en el qual s&#8217;explica quins passos s&#8217;han de seguir per a fer la preinscripci\u00f3 escolar en l\u00ednia i quina documentaci\u00f3 has de presentar. Aquest curs la sol\u00b7licitud de preinscripci\u00f3 s&#8217;ha d&#8217;emplenar i presentar en l\u00ednia (ja sigui amb qualsevol ordinador, tauleta o m\u00f2bil amb connexi\u00f3 a Internet).\u00a0<\/span><\/p>\n<h6><iframe loading=\"lazy\" src=\"\/\/www.youtube.com\/embed\/7Jz8gYBFCFM\" width=\"560\" height=\"314\"><\/iframe><\/h6>\n<p><span style=\"color: #000000;\"><strong>M\u00e9s informaci\u00f3 en:\u00a0<\/strong><\/span><\/p>\n<p><span style=\"color: #000000;\"><strong><a style=\"color: #000000;\" href=\"https:\/\/preinscripcio.gencat.cat\/ca\/estudis\/eso\/inici\/\" target=\"_blank\" rel=\"noopener noreferrer\">https:\/\/preinscripcio.gencat.cat\/ca\/estudis\/eso\/inici<\/a><\/strong><\/span><br \/>\n<span style=\"color: #000000;\"><strong><a style=\"color: #000000;\" href=\"https:\/\/preinscripcio.gencat.cat\/ca\/estudis\/infantil-3-6\/ajuda\/pindoles-multimedia\/\" target=\"_blank\" rel=\"noopener noreferrer\">https:\/\/preinscripcio.gencat.cat\/ca\/estudis\/infantil-3-6\/ajuda\/pindoles-multimedia\/<\/a><\/strong><\/span><\/p>\n<div><\/div>\n<div><\/div>\n<div><\/div>\n<div>\n<div><\/div>\n<\/div>\n","protected":false},"excerpt":{"rendered":"<p><a href=\"https:\/\/agora.xtec.cat\/inslesvinyescubelles\/wp-content\/uploads\/usu375\/2021\/02\/Nou.gif\"><\/a><\/p>\n<p>Alumnat assignat al centre 7\/6\/21<br \/>\nClica aqu\u00ed per veure la informaci\u00f3.<br \/>\n<a href=\"https:\/\/agora.xtec.cat\/inslesvinyescubelles\/wp-content\/uploads\/usu375\/2021\/06\/Alumnat-assignat_21_22.pdf\">Llistat alumnat assignat al centre 7\/6\/21<\/a><\/p>\n<ul>\n<li>Termini de presentaci\u00f3 de sol\u00b7licituds.<\/li>\n<\/ul>\n<p>Del 17 al 24 de mar\u00e7 de 2021 (amd\u00f3s inclosos). Termini finalitzat!<\/p>\n<ul>\n<li>Oferta inicial de places (a 11\/03\/21).<\/li>\n<\/ul>\n<p><a style=\"color: #008080;\" href=\"https:\/\/agora.xtec.cat\/inslesvinyescubelles\/wp-content\/uploads\/usu375\/2021\/02\/Oferta_places_Ins_Les_Vinyes_Curs2122.pdf\" target=\"_blank\" rel=\"noopener noreferrer\">Clica aqu\u00ed per&hellip;  <a href=\"https:\/\/agora.xtec.cat\/inslesvinyescubelles\/general\/preinscripcio\/\" title=\"Read Preinscripci\u00f3 2021-2022\">Llegeix m\u00e9s\u00bb<\/a><\/p>\n","protected":false},"author":1,"featured_media":0,"comment_status":"open","ping_status":"closed","sticky":false,"template":"","format":"standard","meta":{"_bbp_topic_count":0,"_bbp_reply_count":0,"_bbp_total_topic_count":0,"_bbp_total_reply_count":0,"_bbp_voice_count":0,"_bbp_anonymous_reply_count":0,"_bbp_topic_count_hidden":0,"_bbp_reply_count_hidden":0,"_bbp_forum_subforum_count":0,"footnotes":""},"categories":[1],"tags":[],"class_list":["post-12206","post","type-post","status-publish","format-standard","hentry","category-general"],"post_mailing_queue_ids":[],"_links":{"self":[{"href":"https:\/\/agora.xtec.cat\/inslesvinyescubelles\/wp-json\/wp\/v2\/posts\/12206","targetHints":{"allow":["GET"]}}],"collection":[{"href":"https:\/\/agora.xtec.cat\/inslesvinyescubelles\/wp-json\/wp\/v2\/posts"}],"about":[{"href":"https:\/\/agora.xtec.cat\/inslesvinyescubelles\/wp-json\/wp\/v2\/types\/post"}],"author":[{"embeddable":true,"href":"https:\/\/agora.xtec.cat\/inslesvinyescubelles\/wp-json\/wp\/v2\/users\/1"}],"replies":[{"embeddable":true,"href":"https:\/\/agora.xtec.cat\/inslesvinyescubelles\/wp-json\/wp\/v2\/comments?post=12206"}],"version-history":[{"count":4,"href":"https:\/\/agora.xtec.cat\/inslesvinyescubelles\/wp-json\/wp\/v2\/posts\/12206\/revisions"}],"predecessor-version":[{"id":12897,"href":"https:\/\/agora.xtec.cat\/inslesvinyescubelles\/wp-json\/wp\/v2\/posts\/12206\/revisions\/12897"}],"wp:attachment":[{"href":"https:\/\/agora.xtec.cat\/inslesvinyescubelles\/wp-json\/wp\/v2\/media?parent=12206"}],"wp:term":[{"taxonomy":"category","embeddable":true,"href":"https:\/\/agora.xtec.cat\/inslesvinyescubelles\/wp-json\/wp\/v2\/categories?post=12206"},{"taxonomy":"post_tag","embeddable":true,"href":"https:\/\/agora.xtec.cat\/inslesvinyescubelles\/wp-json\/wp\/v2\/tags?post=12206"}],"curies":[{"name":"wp","href":"https:\/\/api.w.org\/{rel}","templated":true}]}}