{"id":12197,"date":"2021-03-05T18:18:19","date_gmt":"2021-03-05T17:18:19","guid":{"rendered":"http:\/\/agora.xtec.cat\/inslesvinyescubelles\/?p=12197"},"modified":"2021-03-05T18:37:11","modified_gmt":"2021-03-05T17:37:11","slug":"jornada-de-portes-obertes","status":"publish","type":"post","link":"https:\/\/agora.xtec.cat\/inslesvinyescubelles\/general\/jornada-de-portes-obertes\/","title":{"rendered":"Jornada de Portes Obertes 2021"},"content":{"rendered":"<blockquote>\n<h6 style=\"text-align: justify;\">Benvolgudes fam\u00edlies,<\/h6>\n<h6 style=\"text-align: justify;\">Degut a les circumst\u00e0ncies sanit\u00e0ries en les que ens trobem, <strong>aquest curs no farem jornada de portes obertes presencial<\/strong>. \u00c9s <strong>per aix\u00f2<\/strong> que <strong>hem elaborat un video<\/strong> <strong>per explicar-vos tot all\u00f2 relacionat amb el nostre institut<\/strong> amb aquella informaci\u00f3 que pot ser del vostre inter\u00e8s.<\/h6>\n<h6 style=\"text-align: justify;\">Aix\u00ed mateix, <strong>per atendre<\/strong> totes <strong>les vostres consultes o dubtes<\/strong> de manera particular, <strong>hem posat a la vostra disposici\u00f3 un correu electr\u00f2nic<\/strong> on us podreu adre\u00e7ar a nosaltres i us contestarem amb molt de gust: <strong><a href=\"mailto:portesobertes@inslesvinyescubelles.com\" target=\"_blank\" rel=\"noopener noreferrer\">portesobertes@<wbr \/>inslesvinyescubelles.com<\/a><\/strong><\/h6>\n<\/blockquote>\n<p><iframe loading=\"lazy\" title=\"Jornada de portes obertes 2021\" width=\"500\" height=\"281\" src=\"https:\/\/www.youtube.com\/embed\/0haa7fQS0MA?feature=oembed\" frameborder=\"0\" allow=\"accelerometer; autoplay; clipboard-write; encrypted-media; gyroscope; picture-in-picture; web-share\" referrerpolicy=\"strict-origin-when-cross-origin\" allowfullscreen><\/iframe><\/p>\n<h2><\/h2>\n<div><\/div>\n","protected":false},"excerpt":{"rendered":"<p>Aquest curs, degut a les circumst\u00e0ncies en les que ens trobem, no farem la Jornada de Portes Obertes de forma presencial. \u00c9s per aix\u00f2 que hem elaborat un video amb tota la informaci\u00f3 del nostre Institut.<br \/>\nGaudiu del video!!!&hellip;  <a href=\"https:\/\/agora.xtec.cat\/inslesvinyescubelles\/general\/jornada-de-portes-obertes\/\" title=\"Read Jornada de Portes Obertes 2021\">Llegeix m\u00e9s\u00bb<\/a><\/p>\n","protected":false},"author":1,"featured_media":12284,"comment_status":"open","ping_status":"closed","sticky":false,"template":"","format":"standard","meta":{"_bbp_topic_count":0,"_bbp_reply_count":0,"_bbp_total_topic_count":0,"_bbp_total_reply_count":0,"_bbp_voice_count":0,"_bbp_anonymous_reply_count":0,"_bbp_topic_count_hidden":0,"_bbp_reply_count_hidden":0,"_bbp_forum_subforum_count":0,"footnotes":""},"categories":[1,29],"tags":[],"class_list":["post-12197","post","type-post","status-publish","format-standard","has-post-thumbnail","hentry","category-general","category-portada"],"post_mailing_queue_ids":[],"_links":{"self":[{"href":"https:\/\/agora.xtec.cat\/inslesvinyescubelles\/wp-json\/wp\/v2\/posts\/12197","targetHints":{"allow":["GET"]}}],"collection":[{"href":"https:\/\/agora.xtec.cat\/inslesvinyescubelles\/wp-json\/wp\/v2\/posts"}],"about":[{"href":"https:\/\/agora.xtec.cat\/inslesvinyescubelles\/wp-json\/wp\/v2\/types\/post"}],"author":[{"embeddable":true,"href":"https:\/\/agora.xtec.cat\/inslesvinyescubelles\/wp-json\/wp\/v2\/users\/1"}],"replies":[{"embeddable":true,"href":"https:\/\/agora.xtec.cat\/inslesvinyescubelles\/wp-json\/wp\/v2\/comments?post=12197"}],"version-history":[{"count":4,"href":"https:\/\/agora.xtec.cat\/inslesvinyescubelles\/wp-json\/wp\/v2\/posts\/12197\/revisions"}],"predecessor-version":[{"id":12289,"href":"https:\/\/agora.xtec.cat\/inslesvinyescubelles\/wp-json\/wp\/v2\/posts\/12197\/revisions\/12289"}],"wp:featuredmedia":[{"embeddable":true,"href":"https:\/\/agora.xtec.cat\/inslesvinyescubelles\/wp-json\/wp\/v2\/media\/12284"}],"wp:attachment":[{"href":"https:\/\/agora.xtec.cat\/inslesvinyescubelles\/wp-json\/wp\/v2\/media?parent=12197"}],"wp:term":[{"taxonomy":"category","embeddable":true,"href":"https:\/\/agora.xtec.cat\/inslesvinyescubelles\/wp-json\/wp\/v2\/categories?post=12197"},{"taxonomy":"post_tag","embeddable":true,"href":"https:\/\/agora.xtec.cat\/inslesvinyescubelles\/wp-json\/wp\/v2\/tags?post=12197"}],"curies":[{"name":"wp","href":"https:\/\/api.w.org\/{rel}","templated":true}]}}