{"id":1218,"date":"2015-12-08T13:28:21","date_gmt":"2015-12-08T12:28:21","guid":{"rendered":"http:\/\/agora.xtec.cat\/inslesvinyescubelles\/?p=1218"},"modified":"2015-12-16T23:03:06","modified_gmt":"2015-12-16T22:03:06","slug":"fem-un-hort","status":"publish","type":"post","link":"https:\/\/agora.xtec.cat\/inslesvinyescubelles\/4-eso1920\/fem-un-hort\/","title":{"rendered":"Fem un hort"},"content":{"rendered":"<p style=\"text-align: left;\">Per qu\u00e8 un hort al nostre institut? El treball de l&#8217; hort ecol\u00f2gic a l&#8217; INS \u00e9s la manera m\u00e9s adient d&#8217;oferir als nostres alumnes una educaci\u00f3 mediambiental basada en la cura, respecte i defensa de la natura. Els alumnes coneixen i aprenen els productes, les eines i les t\u00e8cniques de treball agr\u00edcola, experimenten amb les llavors, aix\u00ed com aprenen a fer &#8220;compost&#8221;, reutilitzant els residus generals de l&#8217; institut i treballant per la sostenibilitat. Tanmateix, adquerixen capacitat per trobar solucions als problemes ambientals, sent un recurs per al desenvolupament del sentit cr\u00edtic.<\/p>\n<p style=\"text-align: left;\">Sens dubte, \u00e9s una manera de motivar a l&#8217;alumnat i promoure l&#8217;aprenentatge cooperatiu, potenciant les compet\u00e8ncies transversals comunicatives, socials, personals i metodol\u00f2giques.<\/p>\n<p style=\"text-align: left;\"><a href=\"http:\/\/agora.xtec.cat\/inslesvinyescubelles\/wp-content\/uploads\/usu375\/2014\/09\/hort1.jpg\"><img loading=\"lazy\" decoding=\"async\" class=\"alignnone size-full wp-image-1013\" src=\"http:\/\/agora.xtec.cat\/inslesvinyescubelles\/wp-content\/uploads\/usu375\/2014\/09\/hort1.jpg\" alt=\"hort1\" width=\"800\" height=\"800\" srcset=\"https:\/\/agora.xtec.cat\/inslesvinyescubelles\/wp-content\/uploads\/usu375\/2014\/09\/hort1.jpg 800w, https:\/\/agora.xtec.cat\/inslesvinyescubelles\/wp-content\/uploads\/usu375\/2014\/09\/hort1-150x150.jpg 150w, https:\/\/agora.xtec.cat\/inslesvinyescubelles\/wp-content\/uploads\/usu375\/2014\/09\/hort1-300x300.jpg 300w\" sizes=\"auto, (max-width: 800px) 100vw, 800px\" \/><\/a> <a href=\"http:\/\/agora.xtec.cat\/inslesvinyescubelles\/wp-content\/uploads\/usu375\/2014\/09\/hort2.jpg\"><img loading=\"lazy\" decoding=\"async\" class=\"alignnone size-full wp-image-1014\" src=\"http:\/\/agora.xtec.cat\/inslesvinyescubelles\/wp-content\/uploads\/usu375\/2014\/09\/hort2.jpg\" alt=\"hort2\" width=\"800\" height=\"800\" srcset=\"https:\/\/agora.xtec.cat\/inslesvinyescubelles\/wp-content\/uploads\/usu375\/2014\/09\/hort2.jpg 800w, https:\/\/agora.xtec.cat\/inslesvinyescubelles\/wp-content\/uploads\/usu375\/2014\/09\/hort2-150x150.jpg 150w, https:\/\/agora.xtec.cat\/inslesvinyescubelles\/wp-content\/uploads\/usu375\/2014\/09\/hort2-300x300.jpg 300w\" sizes=\"auto, (max-width: 800px) 100vw, 800px\" \/><\/a><\/p>\n","protected":false},"excerpt":{"rendered":"<p>Per qu\u00e8 un hort al nostre institut? El treball de l&#8217; hort ecol\u00f2gic a l&#8217; INS \u00e9s la manera m\u00e9s adient d&#8217;oferir als nostres alumnes una educaci\u00f3 mediambiental basada en la cura, respecte i defensa de la natura. Els alumnes coneixen i aprenen els productes,&hellip;  <a href=\"https:\/\/agora.xtec.cat\/inslesvinyescubelles\/4-eso1920\/fem-un-hort\/\" title=\"Read Fem un hort\">Llegeix m\u00e9s\u00bb<\/a><\/p>\n","protected":false},"author":1,"featured_media":1014,"comment_status":"open","ping_status":"open","sticky":false,"template":"","format":"standard","meta":{"_bbp_topic_count":0,"_bbp_reply_count":0,"_bbp_total_topic_count":0,"_bbp_total_reply_count":0,"_bbp_voice_count":0,"_bbp_anonymous_reply_count":0,"_bbp_topic_count_hidden":0,"_bbp_reply_count_hidden":0,"_bbp_forum_subforum_count":0,"footnotes":""},"categories":[61],"tags":[],"class_list":["post-1218","post","type-post","status-publish","format-standard","has-post-thumbnail","hentry","category-4-eso1920"],"post_mailing_queue_ids":[],"_links":{"self":[{"href":"https:\/\/agora.xtec.cat\/inslesvinyescubelles\/wp-json\/wp\/v2\/posts\/1218","targetHints":{"allow":["GET"]}}],"collection":[{"href":"https:\/\/agora.xtec.cat\/inslesvinyescubelles\/wp-json\/wp\/v2\/posts"}],"about":[{"href":"https:\/\/agora.xtec.cat\/inslesvinyescubelles\/wp-json\/wp\/v2\/types\/post"}],"author":[{"embeddable":true,"href":"https:\/\/agora.xtec.cat\/inslesvinyescubelles\/wp-json\/wp\/v2\/users\/1"}],"replies":[{"embeddable":true,"href":"https:\/\/agora.xtec.cat\/inslesvinyescubelles\/wp-json\/wp\/v2\/comments?post=1218"}],"version-history":[{"count":2,"href":"https:\/\/agora.xtec.cat\/inslesvinyescubelles\/wp-json\/wp\/v2\/posts\/1218\/revisions"}],"predecessor-version":[{"id":1262,"href":"https:\/\/agora.xtec.cat\/inslesvinyescubelles\/wp-json\/wp\/v2\/posts\/1218\/revisions\/1262"}],"wp:featuredmedia":[{"embeddable":true,"href":"https:\/\/agora.xtec.cat\/inslesvinyescubelles\/wp-json\/wp\/v2\/media\/1014"}],"wp:attachment":[{"href":"https:\/\/agora.xtec.cat\/inslesvinyescubelles\/wp-json\/wp\/v2\/media?parent=1218"}],"wp:term":[{"taxonomy":"category","embeddable":true,"href":"https:\/\/agora.xtec.cat\/inslesvinyescubelles\/wp-json\/wp\/v2\/categories?post=1218"},{"taxonomy":"post_tag","embeddable":true,"href":"https:\/\/agora.xtec.cat\/inslesvinyescubelles\/wp-json\/wp\/v2\/tags?post=1218"}],"curies":[{"name":"wp","href":"https:\/\/api.w.org\/{rel}","templated":true}]}}