{"id":11940,"date":"2020-12-18T08:39:25","date_gmt":"2020-12-18T07:39:25","guid":{"rendered":"http:\/\/agora.xtec.cat\/inslesvinyescubelles\/?p=11940"},"modified":"2020-12-18T09:30:25","modified_gmt":"2020-12-18T08:30:25","slug":"la-marato-de-tv3-per-la-covid-19","status":"publish","type":"post","link":"https:\/\/agora.xtec.cat\/inslesvinyescubelles\/general\/la-marato-de-tv3-per-la-covid-19\/","title":{"rendered":"La Marat\u00f3 de TV3 per la COVID-19"},"content":{"rendered":"<p><img loading=\"lazy\" decoding=\"async\" class=\"attachment-266x266 alignleft\" src=\"https:\/\/agora.xtec.cat\/inslesvinyescubelles\/wp-content\/uploads\/usu375\/2020\/12\/20-12-11-Marato-TV3-3rB.jpg\" sizes=\"auto, (max-width: 266px) 100vw, 266px\" srcset=\"https:\/\/agora.xtec.cat\/inslesvinyescubelles\/wp-content\/uploads\/usu375\/2020\/12\/20-12-11-Marato-TV3-3rB.jpg 3012w, https:\/\/agora.xtec.cat\/inslesvinyescubelles\/wp-content\/uploads\/usu375\/2020\/12\/20-12-11-Marato-TV3-3rB-300x179.jpg 300w, https:\/\/agora.xtec.cat\/inslesvinyescubelles\/wp-content\/uploads\/usu375\/2020\/12\/20-12-11-Marato-TV3-3rB-768x458.jpg 768w, https:\/\/agora.xtec.cat\/inslesvinyescubelles\/wp-content\/uploads\/usu375\/2020\/12\/20-12-11-Marato-TV3-3rB-1024x610.jpg 1024w\" alt=\"\" width=\"300\" height=\"178\" \/> Com tots els anys, l&#8217;Institut Les Vinyes dona suport a <span style=\"color: #008080;\"><strong><em>La Marat\u00f3 de TV3<\/em><\/strong><\/span>, aquest any <strong><em><span style=\"color: #008080;\">dedicada a la Covid-19<\/span><\/em><\/strong>, sota el lema <strong><em><span style=\"color: #008080;\">&#8220;aquesta\u00a0<\/span><\/em><\/strong><strong><em><span style=\"color: #008080;\">Marat\u00f3 toca a tothom&#8221;<\/span>. <\/em><\/strong><\/p>\n<p>Aquest curs el nostre alumnat ha participat en les xerrades telem\u00e0tiques que es van celebrar durant tot el mat\u00ed del dia 11 de desembre i com sempre la seva resposta va ser fant\u00e0stica!.<\/p>\n<p>Us recordem que La Marat\u00f3 de TV3 tindr\u00e0 lloc aquest <span style=\"color: #008080;\"><strong>Diumenge dia 20<\/strong><\/span>.\u00a0Des d&#8217;aqu\u00ed us animem a que sigueu solidaris i participeu!.<\/p>\n<p><a href=\"https:\/\/www.ccma.cat\/tv3\/marato\/\" target=\"_blank\" rel=\"noopener noreferrer\"><span style=\"color: #008080;\">Cliqueu aqu\u00ed per m\u00e9s informaci\u00f3 sobre La Marat\u00f3 de TV3.<\/span><\/a><\/p>\n","protected":false},"excerpt":{"rendered":"<p> Com tots els anys, l&#8217;Institut Les Vinyes dona suport a La Marat\u00f3 de TV3, aquest any dedicada a la Covid-19, sota el lema &#8220;aquesta\u00a0Marat\u00f3 toca a tothom&#8221;.<br \/>\nAquest curs el nostre alumnat ha participat en les xerrades telem\u00e0tiques que es van celebrar durant tot&hellip;  <a href=\"https:\/\/agora.xtec.cat\/inslesvinyescubelles\/general\/la-marato-de-tv3-per-la-covid-19\/\" title=\"Read La Marat\u00f3 de TV3 per la COVID-19\">Llegeix m\u00e9s\u00bb<\/a><\/p>\n","protected":false},"author":1,"featured_media":11965,"comment_status":"open","ping_status":"closed","sticky":false,"template":"","format":"standard","meta":{"_bbp_topic_count":0,"_bbp_reply_count":0,"_bbp_total_topic_count":0,"_bbp_total_reply_count":0,"_bbp_voice_count":0,"_bbp_anonymous_reply_count":0,"_bbp_topic_count_hidden":0,"_bbp_reply_count_hidden":0,"_bbp_forum_subforum_count":0,"footnotes":""},"categories":[138,1,29],"tags":[],"class_list":["post-11940","post","type-post","status-publish","format-standard","has-post-thumbnail","hentry","category-eso-3b","category-general","category-portada"],"post_mailing_queue_ids":[],"_links":{"self":[{"href":"https:\/\/agora.xtec.cat\/inslesvinyescubelles\/wp-json\/wp\/v2\/posts\/11940","targetHints":{"allow":["GET"]}}],"collection":[{"href":"https:\/\/agora.xtec.cat\/inslesvinyescubelles\/wp-json\/wp\/v2\/posts"}],"about":[{"href":"https:\/\/agora.xtec.cat\/inslesvinyescubelles\/wp-json\/wp\/v2\/types\/post"}],"author":[{"embeddable":true,"href":"https:\/\/agora.xtec.cat\/inslesvinyescubelles\/wp-json\/wp\/v2\/users\/1"}],"replies":[{"embeddable":true,"href":"https:\/\/agora.xtec.cat\/inslesvinyescubelles\/wp-json\/wp\/v2\/comments?post=11940"}],"version-history":[{"count":3,"href":"https:\/\/agora.xtec.cat\/inslesvinyescubelles\/wp-json\/wp\/v2\/posts\/11940\/revisions"}],"predecessor-version":[{"id":11969,"href":"https:\/\/agora.xtec.cat\/inslesvinyescubelles\/wp-json\/wp\/v2\/posts\/11940\/revisions\/11969"}],"wp:featuredmedia":[{"embeddable":true,"href":"https:\/\/agora.xtec.cat\/inslesvinyescubelles\/wp-json\/wp\/v2\/media\/11965"}],"wp:attachment":[{"href":"https:\/\/agora.xtec.cat\/inslesvinyescubelles\/wp-json\/wp\/v2\/media?parent=11940"}],"wp:term":[{"taxonomy":"category","embeddable":true,"href":"https:\/\/agora.xtec.cat\/inslesvinyescubelles\/wp-json\/wp\/v2\/categories?post=11940"},{"taxonomy":"post_tag","embeddable":true,"href":"https:\/\/agora.xtec.cat\/inslesvinyescubelles\/wp-json\/wp\/v2\/tags?post=11940"}],"curies":[{"name":"wp","href":"https:\/\/api.w.org\/{rel}","templated":true}]}}