{"id":11927,"date":"2020-12-11T21:22:04","date_gmt":"2020-12-11T20:22:04","guid":{"rendered":"http:\/\/agora.xtec.cat\/inslesvinyescubelles\/?p=11927"},"modified":"2020-12-11T21:23:44","modified_gmt":"2020-12-11T20:23:44","slug":"nou-edifici","status":"publish","type":"post","link":"https:\/\/agora.xtec.cat\/inslesvinyescubelles\/general\/nou-edifici\/","title":{"rendered":"M\u00e9s aprop de la construcci\u00f3 del nou edifici!"},"content":{"rendered":"<p><span style=\"color: #008080;\"><strong><a href=\"https:\/\/agora.xtec.cat\/inslesvinyescubelles\/wp-content\/uploads\/usu375\/2020\/12\/terrenys_nou_edifici.jpg\"><img loading=\"lazy\" decoding=\"async\" class=\"alignleft wp-image-11930\" src=\"https:\/\/agora.xtec.cat\/inslesvinyescubelles\/wp-content\/uploads\/usu375\/2020\/12\/terrenys_nou_edifici-150x150.jpg\" alt=\"\" width=\"233\" height=\"233\" \/><\/a><\/strong><\/span><\/p>\n<p>A l&#8217;Institut Les Vinyes estem d&#8217;enhorabona!.<\/p>\n<p>L&#8217;Ajuntament de Cubelles va aprovar en Ple extraordinari i urgent, el passat dimecres 9 de desembre, el conveni de cessi\u00f3 dels terrenys on s\u2019ha d\u2019ubicar el <strong>futur<\/strong> <strong>Institut Les Vinyes<\/strong>, <strong>a tocar de la Pla\u00e7a del Mercat i l\u2019Escola Charlie Rivel de Cubelles<\/strong>.<\/p>\n<p>Ja queda menys per aconseguir el nostre objectiu: la construcci\u00f3 del nou edici. Continuem avan\u00e7ant!.<\/p>\n<p><a href=\"https:\/\/www.eixdiari.cat\/politica\/doc\/93171\/cubelles-la-cessio-dels-terrenys-on-es-construira-el-futur-institut-les-vinyes.html\" target=\"_blank\" rel=\"noopener noreferrer\">Cliqueu aqu\u00ed per a m\u00e9s informaci\u00f3 (Article publicat en l&#8217;Eix Diari, el 09-12-2020)<\/a><\/p>\n","protected":false},"excerpt":{"rendered":"<p><a href=\"https:\/\/agora.xtec.cat\/inslesvinyescubelles\/wp-content\/uploads\/usu375\/2020\/12\/terrenys_nou_edifici.jpg\"><\/a><br \/>\nA l&#8217;Institut Les Vinyes estem d&#8217;enhorabona!.<br \/>\nL&#8217;Ajuntament de Cubelles va aprovar en Ple extraordinari i urgent, el passat dimecres 9 de desembre, el conveni de cessi\u00f3 dels terrenys on s\u2019ha d\u2019ubicar el futur Institut Les Vinyes, a tocar de la Pla\u00e7a del Mercat i l\u2019Escola&hellip;  <a href=\"https:\/\/agora.xtec.cat\/inslesvinyescubelles\/general\/nou-edifici\/\" title=\"Read M\u00e9s aprop de la construcci\u00f3 del nou edifici!\">Llegeix m\u00e9s\u00bb<\/a><\/p>\n","protected":false},"author":1,"featured_media":11930,"comment_status":"open","ping_status":"closed","sticky":false,"template":"","format":"standard","meta":{"_bbp_topic_count":0,"_bbp_reply_count":0,"_bbp_total_topic_count":0,"_bbp_total_reply_count":0,"_bbp_voice_count":0,"_bbp_anonymous_reply_count":0,"_bbp_topic_count_hidden":0,"_bbp_reply_count_hidden":0,"_bbp_forum_subforum_count":0,"footnotes":""},"categories":[1,29],"tags":[],"class_list":["post-11927","post","type-post","status-publish","format-standard","has-post-thumbnail","hentry","category-general","category-portada"],"post_mailing_queue_ids":[],"_links":{"self":[{"href":"https:\/\/agora.xtec.cat\/inslesvinyescubelles\/wp-json\/wp\/v2\/posts\/11927","targetHints":{"allow":["GET"]}}],"collection":[{"href":"https:\/\/agora.xtec.cat\/inslesvinyescubelles\/wp-json\/wp\/v2\/posts"}],"about":[{"href":"https:\/\/agora.xtec.cat\/inslesvinyescubelles\/wp-json\/wp\/v2\/types\/post"}],"author":[{"embeddable":true,"href":"https:\/\/agora.xtec.cat\/inslesvinyescubelles\/wp-json\/wp\/v2\/users\/1"}],"replies":[{"embeddable":true,"href":"https:\/\/agora.xtec.cat\/inslesvinyescubelles\/wp-json\/wp\/v2\/comments?post=11927"}],"version-history":[{"count":3,"href":"https:\/\/agora.xtec.cat\/inslesvinyescubelles\/wp-json\/wp\/v2\/posts\/11927\/revisions"}],"predecessor-version":[{"id":11939,"href":"https:\/\/agora.xtec.cat\/inslesvinyescubelles\/wp-json\/wp\/v2\/posts\/11927\/revisions\/11939"}],"wp:featuredmedia":[{"embeddable":true,"href":"https:\/\/agora.xtec.cat\/inslesvinyescubelles\/wp-json\/wp\/v2\/media\/11930"}],"wp:attachment":[{"href":"https:\/\/agora.xtec.cat\/inslesvinyescubelles\/wp-json\/wp\/v2\/media?parent=11927"}],"wp:term":[{"taxonomy":"category","embeddable":true,"href":"https:\/\/agora.xtec.cat\/inslesvinyescubelles\/wp-json\/wp\/v2\/categories?post=11927"},{"taxonomy":"post_tag","embeddable":true,"href":"https:\/\/agora.xtec.cat\/inslesvinyescubelles\/wp-json\/wp\/v2\/tags?post=11927"}],"curies":[{"name":"wp","href":"https:\/\/api.w.org\/{rel}","templated":true}]}}