{"id":1184,"date":"2015-12-01T20:49:33","date_gmt":"2015-12-01T19:49:33","guid":{"rendered":"http:\/\/agora.xtec.cat\/inslesvinyescubelles\/?p=1184"},"modified":"2018-09-16T00:03:36","modified_gmt":"2018-09-15T22:03:36","slug":"projecte-en-angles-2n-eso","status":"publish","type":"post","link":"https:\/\/agora.xtec.cat\/inslesvinyescubelles\/general\/projecte-en-angles-2n-eso\/","title":{"rendered":"PROJECTE EN ANGL\u00c8S 2n ESO"},"content":{"rendered":"<p><a href=\"http:\/\/agora.xtec.cat\/inslesvinyescubelles\/wp-content\/uploads\/usu375\/2015\/12\/etwinning_.jpg\"><img loading=\"lazy\" decoding=\"async\" class=\"alignnone size-full wp-image-1189\" src=\"http:\/\/agora.xtec.cat\/inslesvinyescubelles\/wp-content\/uploads\/usu375\/2015\/12\/etwinning_.jpg\" alt=\"etwinning_\" width=\"800\" height=\"600\" srcset=\"https:\/\/agora.xtec.cat\/inslesvinyescubelles\/wp-content\/uploads\/usu375\/2015\/12\/etwinning_.jpg 800w, https:\/\/agora.xtec.cat\/inslesvinyescubelles\/wp-content\/uploads\/usu375\/2015\/12\/etwinning_-300x225.jpg 300w, https:\/\/agora.xtec.cat\/inslesvinyescubelles\/wp-content\/uploads\/usu375\/2015\/12\/etwinning_-200x150.jpg 200w\" sizes=\"auto, (max-width: 800px) 100vw, 800px\" \/><\/a><\/p>\n<p>Els alumnes de 2n d&#8217;ESO estan participant en un projecte en angl\u00e8s d&#8217;intercanvi de cartes amb alumnes de Londres.<\/p>\n<p>Alumnes d&#8217;un institut de Londres estudiants d&#8217;espanyol i de la mateixa edat que els nostres de 2n intercanviaran durant tot el curs cartes entre ells. Tenim programades un total de sis cartejos, intentant que coincideixin amb dates especials tal com Nadal, Carnaval, Setmana Santa i final de curs. Aprofitant aquestes festivitats els alumnes tractaran aquests temes en les seves cartes, cadasc\u00fa en l&#8217;idioma estranger que estudien, i cadasc\u00fa t\u00e9 assignat un company al qual sempre escriur\u00e0 i del qual rebr\u00e0 cartes.<\/p>\n<p>Aquesta setmana hem enviat la primera carta, en la qual els alumnes es presenten i parlen una mica d&#8217;ells, de la seva fam\u00edlia, lloc on viuen i les seves aficions. Aix\u00ed, abans que marxin de vacances de Nadal, rebran resposta de les seves amigues de Londres amb la mateixa informaci\u00f3 i una felicitaci\u00f3 de Nadal i els explicaran com se celebra el Nadal a Anglaterra.<\/p>\n<p>Els alumnes estan molt il.lusionats amb aquest projecte i amb moltes ganes de con\u00e8ixer la seva amiga i, qui sap si d&#8217;aqu\u00ed a final de curs es poden convidar m\u00fatuament a les seves cases i fer un petit intercanvi a l&#8217;estiu. En tot cas, sempre tindran una amiga amb la qual podran practicar l&#8217;angl\u00e8s i tenir un contacte per continuar practicant.<\/p>\n","protected":false},"excerpt":{"rendered":"<p><a href=\"http:\/\/agora.xtec.cat\/inslesvinyescubelles\/wp-content\/uploads\/usu375\/2015\/12\/etwinning_.jpg\"><\/a><br \/>\nEls alumnes de 2n d&#8217;ESO estan participant en un projecte en angl\u00e8s d&#8217;intercanvi de cartes amb alumnes de Londres.<br \/>\nAlumnes d&#8217;un institut de Londres estudiants d&#8217;espanyol i de la mateixa edat que els nostres de 2n intercanviaran durant tot el curs cartes entre ells. Tenim&hellip;  <a href=\"https:\/\/agora.xtec.cat\/inslesvinyescubelles\/general\/projecte-en-angles-2n-eso\/\" title=\"Read PROJECTE EN ANGL\u00c8S 2n ESO\">Llegeix m\u00e9s\u00bb<\/a><\/p>\n","protected":false},"author":17,"featured_media":1189,"comment_status":"open","ping_status":"closed","sticky":false,"template":"","format":"standard","meta":{"_bbp_topic_count":0,"_bbp_reply_count":0,"_bbp_total_topic_count":0,"_bbp_total_reply_count":0,"_bbp_voice_count":0,"_bbp_anonymous_reply_count":0,"_bbp_topic_count_hidden":0,"_bbp_reply_count_hidden":0,"_bbp_forum_subforum_count":0,"footnotes":""},"categories":[1],"tags":[],"class_list":["post-1184","post","type-post","status-publish","format-standard","has-post-thumbnail","hentry","category-general"],"post_mailing_queue_ids":[],"_links":{"self":[{"href":"https:\/\/agora.xtec.cat\/inslesvinyescubelles\/wp-json\/wp\/v2\/posts\/1184","targetHints":{"allow":["GET"]}}],"collection":[{"href":"https:\/\/agora.xtec.cat\/inslesvinyescubelles\/wp-json\/wp\/v2\/posts"}],"about":[{"href":"https:\/\/agora.xtec.cat\/inslesvinyescubelles\/wp-json\/wp\/v2\/types\/post"}],"author":[{"embeddable":true,"href":"https:\/\/agora.xtec.cat\/inslesvinyescubelles\/wp-json\/wp\/v2\/users\/17"}],"replies":[{"embeddable":true,"href":"https:\/\/agora.xtec.cat\/inslesvinyescubelles\/wp-json\/wp\/v2\/comments?post=1184"}],"version-history":[{"count":2,"href":"https:\/\/agora.xtec.cat\/inslesvinyescubelles\/wp-json\/wp\/v2\/posts\/1184\/revisions"}],"predecessor-version":[{"id":1193,"href":"https:\/\/agora.xtec.cat\/inslesvinyescubelles\/wp-json\/wp\/v2\/posts\/1184\/revisions\/1193"}],"wp:featuredmedia":[{"embeddable":true,"href":"https:\/\/agora.xtec.cat\/inslesvinyescubelles\/wp-json\/wp\/v2\/media\/1189"}],"wp:attachment":[{"href":"https:\/\/agora.xtec.cat\/inslesvinyescubelles\/wp-json\/wp\/v2\/media?parent=1184"}],"wp:term":[{"taxonomy":"category","embeddable":true,"href":"https:\/\/agora.xtec.cat\/inslesvinyescubelles\/wp-json\/wp\/v2\/categories?post=1184"},{"taxonomy":"post_tag","embeddable":true,"href":"https:\/\/agora.xtec.cat\/inslesvinyescubelles\/wp-json\/wp\/v2\/tags?post=1184"}],"curies":[{"name":"wp","href":"https:\/\/api.w.org\/{rel}","templated":true}]}}