{"id":11714,"date":"2020-11-04T18:41:54","date_gmt":"2020-11-04T17:41:54","guid":{"rendered":"http:\/\/agora.xtec.cat\/inslesvinyescubelles\/?p=11714"},"modified":"2021-02-01T20:25:11","modified_gmt":"2021-02-01T19:25:11","slug":"benvinguda-helena","status":"publish","type":"post","link":"https:\/\/agora.xtec.cat\/inslesvinyescubelles\/general\/benvinguda-helena\/","title":{"rendered":"Benvinguda Helena!"},"content":{"rendered":"<table style=\"border-style: none; width: 961px; height: 223px;\">\n<tbody>\n<tr>\n<td style=\"width: 957.6px; vertical-align: top; border-color: #55d5f2; border-style: double;\" colspan=\"3\">\n<h6><span style=\"font-weight: 400;\"><img loading=\"lazy\" decoding=\"async\" class=\"wp-image-11712 aligncenter\" src=\"https:\/\/agora.xtec.cat\/inslesvinyescubelles\/wp-content\/uploads\/usu375\/2020\/11\/Helana-auxiliar-conversa-1024x768.jpg\" alt=\"\" width=\"340\" height=\"255\" srcset=\"https:\/\/agora.xtec.cat\/inslesvinyescubelles\/wp-content\/uploads\/usu375\/2020\/11\/Helana-auxiliar-conversa-1024x768.jpg 1024w, https:\/\/agora.xtec.cat\/inslesvinyescubelles\/wp-content\/uploads\/usu375\/2020\/11\/Helana-auxiliar-conversa-300x225.jpg 300w, https:\/\/agora.xtec.cat\/inslesvinyescubelles\/wp-content\/uploads\/usu375\/2020\/11\/Helana-auxiliar-conversa-768x576.jpg 768w, https:\/\/agora.xtec.cat\/inslesvinyescubelles\/wp-content\/uploads\/usu375\/2020\/11\/Helana-auxiliar-conversa-200x150.jpg 200w\" sizes=\"auto, (max-width: 340px) 100vw, 340px\" \/><\/span><\/h6>\n<\/td>\n<\/tr>\n<tr style=\"height: 223px;\">\n<td style=\"width: 304px; vertical-align: top; height: 223px; border-color: #55d5f2; border-style: double;\">\n<h6 style=\"text-align: justify;\"><span style=\"font-weight: 400;\">Benvinguda Helena!\u00a0<\/span><\/h6>\n<h6 style=\"text-align: justify;\"><span style=\"font-weight: 400;\">Estem molt contents perqu\u00e8 l\u2019Helena, la nostra auxiliar de conversa, ja est\u00e0 amb nosaltres. <\/span><span style=\"font-weight: 400;\">Ha creuat fredes muntanyes per arribar fins al c\u00e0lid mar de Cubelles!!!\u00a0<\/span><\/h6>\n<h6 style=\"text-align: justify;\"><span style=\"font-weight: 400;\">Us anirem informant sobre fets interessants de la seva \u00c0ustria natal i d\u2019activitats que faci per aqu\u00ed amb l&#8217;alumnat.<\/span><\/h6>\n<h6 style=\"text-align: center;\"><strong><em>#institutlesvinyes #auxiliardeconversa<\/em><\/strong><\/h6>\n<\/td>\n<td style=\"width: 347.2px; vertical-align: top; height: 223px; border-color: #55d5f2; border-style: double;\">\n<h6 style=\"text-align: justify;\"><span style=\"font-weight: 400;\">Welcome Helena!<\/span><\/h6>\n<h6 style=\"text-align: justify;\"><span style=\"font-weight: 400;\">We are very happy because Helena, our conversation assistant, is already with us. <\/span><span style=\"font-weight: 400;\">She has crossed cold mountains to reach the warm sea of Cubelles!!!\u00a0<\/span><\/h6>\n<h6 style=\"text-align: justify;\"><span style=\"font-weight: 400;\">We\u2019ll keep you posted on interesting facts about her native Austria and what activities she will be doing with our stud<\/span><span style=\"font-weight: 400;\">ents.<\/span><\/h6>\n<\/td>\n<td style=\"width: 303.2px; vertical-align: top; height: 223px; border-color: #55d5f2; border-style: double;\">\n<h6 style=\"text-align: justify;\"><span style=\"font-weight: 400;\">Willkom<\/span><span style=\"font-weight: 400;\">men Helena!<\/span><\/h6>\n<h6 style=\"text-align: justify;\"><span style=\"font-weight: 400;\">Wir freuen uns sehr, denn Helena, unsere Sprachassistentin, ist bereits bei uns.\u00a0<\/span><span style=\"font-weight: 400;\">Sie hat kalte Berge \u00fcberquert, um das warme Meer von Cubelles zu erreichen!!!<\/span><\/h6>\n<h6 style=\"text-align: justify;\"><span style=\"font-weight: 400;\">Wir werden Euch \u00fcber Ihre Heimat \u00d6sterreich und die Aktivit\u00e4ten informieren, die sie mit unseren Sch\u00fclern machen wird.<\/span><\/h6>\n<\/td>\n<\/tr>\n<\/tbody>\n<\/table>\n<h6><\/h6>\n<h6><\/h6>\n<p>&nbsp;<\/p>\n<h6><\/h6>\n","protected":false},"excerpt":{"rendered":"<p>Benvinguda Helena!\u00a0<br \/>\nEstem molt contents perqu\u00e8 l\u2019Helena, la nostra auxiliar de conversa, ja est\u00e0 amb nosaltres. Ha creuat fredes muntanyes per arribar fins al c\u00e0lid mar de Cubelles!!!\u00a0<br \/>\nUs anirem informant sobre fets interessants de la seva \u00c0ustria natal i d\u2019activitats que faci per aqu\u00ed amb l&#8217;alumnat.<br \/>\n#institutlesvinyes&hellip;  <a href=\"https:\/\/agora.xtec.cat\/inslesvinyescubelles\/general\/benvinguda-helena\/\" title=\"Read Benvinguda Helena!\">Llegeix m\u00e9s\u00bb<\/a><\/p>\n","protected":false},"author":1,"featured_media":11712,"comment_status":"open","ping_status":"closed","sticky":false,"template":"","format":"standard","meta":{"_bbp_topic_count":0,"_bbp_reply_count":0,"_bbp_total_topic_count":0,"_bbp_total_reply_count":0,"_bbp_voice_count":0,"_bbp_anonymous_reply_count":0,"_bbp_topic_count_hidden":0,"_bbp_reply_count_hidden":0,"_bbp_forum_subforum_count":0,"footnotes":""},"categories":[1,245,29,238],"tags":[],"class_list":["post-11714","post","type-post","status-publish","format-standard","has-post-thumbnail","hentry","category-general","category-llengues_estrangeres","category-portada","category-projectes_i_jornades"],"post_mailing_queue_ids":[],"_links":{"self":[{"href":"https:\/\/agora.xtec.cat\/inslesvinyescubelles\/wp-json\/wp\/v2\/posts\/11714","targetHints":{"allow":["GET"]}}],"collection":[{"href":"https:\/\/agora.xtec.cat\/inslesvinyescubelles\/wp-json\/wp\/v2\/posts"}],"about":[{"href":"https:\/\/agora.xtec.cat\/inslesvinyescubelles\/wp-json\/wp\/v2\/types\/post"}],"author":[{"embeddable":true,"href":"https:\/\/agora.xtec.cat\/inslesvinyescubelles\/wp-json\/wp\/v2\/users\/1"}],"replies":[{"embeddable":true,"href":"https:\/\/agora.xtec.cat\/inslesvinyescubelles\/wp-json\/wp\/v2\/comments?post=11714"}],"version-history":[{"count":3,"href":"https:\/\/agora.xtec.cat\/inslesvinyescubelles\/wp-json\/wp\/v2\/posts\/11714\/revisions"}],"predecessor-version":[{"id":11757,"href":"https:\/\/agora.xtec.cat\/inslesvinyescubelles\/wp-json\/wp\/v2\/posts\/11714\/revisions\/11757"}],"wp:featuredmedia":[{"embeddable":true,"href":"https:\/\/agora.xtec.cat\/inslesvinyescubelles\/wp-json\/wp\/v2\/media\/11712"}],"wp:attachment":[{"href":"https:\/\/agora.xtec.cat\/inslesvinyescubelles\/wp-json\/wp\/v2\/media?parent=11714"}],"wp:term":[{"taxonomy":"category","embeddable":true,"href":"https:\/\/agora.xtec.cat\/inslesvinyescubelles\/wp-json\/wp\/v2\/categories?post=11714"},{"taxonomy":"post_tag","embeddable":true,"href":"https:\/\/agora.xtec.cat\/inslesvinyescubelles\/wp-json\/wp\/v2\/tags?post=11714"}],"curies":[{"name":"wp","href":"https:\/\/api.w.org\/{rel}","templated":true}]}}