{"id":1133,"date":"2015-11-16T20:30:06","date_gmt":"2015-11-16T19:30:06","guid":{"rendered":"http:\/\/agora.xtec.cat\/inslesvinyescubelles\/?p=1133"},"modified":"2018-09-16T00:03:59","modified_gmt":"2018-09-15T22:03:59","slug":"mar-i-cel","status":"publish","type":"post","link":"https:\/\/agora.xtec.cat\/inslesvinyescubelles\/portada\/mar-i-cel\/","title":{"rendered":"L&#8217;ALUMNAT DE 2n AL TEATRE VICT\u00d2RIA"},"content":{"rendered":"<p align=\"CENTER\"><a href=\"http:\/\/agora.xtec.cat\/inslesvinyescubelles\/wp-content\/uploads\/usu375\/2015\/11\/2n_teatre.jpg\"><img loading=\"lazy\" decoding=\"async\" class=\"alignnone size-full wp-image-1227\" src=\"http:\/\/agora.xtec.cat\/inslesvinyescubelles\/wp-content\/uploads\/usu375\/2015\/11\/2n_teatre.jpg\" alt=\"2n_teatre\" width=\"800\" height=\"450\" srcset=\"https:\/\/agora.xtec.cat\/inslesvinyescubelles\/wp-content\/uploads\/usu375\/2015\/11\/2n_teatre.jpg 800w, https:\/\/agora.xtec.cat\/inslesvinyescubelles\/wp-content\/uploads\/usu375\/2015\/11\/2n_teatre-300x169.jpg 300w\" sizes=\"auto, (max-width: 800px) 100vw, 800px\" \/><\/a><\/p>\n<p align=\"JUSTIFY\"><strong style=\"font-size: large; font-family: Calibri, sans-serif;\">Dagoll Dagom <\/strong><span style=\"font-size: large; font-family: Calibri, sans-serif;\">posa\u00a0<\/span><b style=\"font-size: large; font-family: Calibri, sans-serif;\"><i>MAR I CEL<\/i><\/b><em style=\"font-size: large; font-family: Calibri, sans-serif;\">\u00a0<\/em><span style=\"font-size: large; font-family: Calibri, sans-serif;\">en escena per tercera vegada i amb una for\u00e7a renovada, un nou casting i noves sensacions que ens emocionaran. Un espectacle sobre la intoler\u00e0ncia i la incomprensi\u00f3 entre dos m\u00f3ns, orient i occident.<\/span><\/p>\n<p align=\"JUSTIFY\"><span style=\"font-family: Calibri, sans-serif;\"><span style=\"font-size: large;\">Dos religions eternament enfrontades en una bella hist\u00f2ria d&#8217;amor impossible entre una noia cristiana i un corsari morisc. Una hist\u00f2ria amb innumerables paral\u00b7lelismes amb el m\u00f3n en el que vivim. Un musical basat en la pirateria del Mediterrani del segle XVII i en l&#8217;expulsi\u00f3 del regne d&#8217;Espanya de 300.000 moriscs decretada per Felipe II l&#8217;any1609.<\/span><\/span><\/p>\n","protected":false},"excerpt":{"rendered":"<p><a href=\"http:\/\/agora.xtec.cat\/inslesvinyescubelles\/wp-content\/uploads\/usu375\/2015\/11\/2n_teatre.jpg\"><\/a><br \/>\nDagoll Dagom posa\u00a0MAR I CEL\u00a0en escena per tercera vegada i amb una for\u00e7a renovada, un nou casting i noves sensacions que ens emocionaran. Un espectacle sobre la intoler\u00e0ncia i la incomprensi\u00f3 entre dos m\u00f3ns, orient i occident.<br \/>\nDos religions eternament enfrontades en una bella hist\u00f2ria&hellip;  <a href=\"https:\/\/agora.xtec.cat\/inslesvinyescubelles\/portada\/mar-i-cel\/\" title=\"Read L&#8217;ALUMNAT DE 2n AL TEATRE VICT\u00d2RIA\">Llegeix m\u00e9s\u00bb<\/a><\/p>\n","protected":false},"author":1,"featured_media":1227,"comment_status":"open","ping_status":"closed","sticky":false,"template":"","format":"standard","meta":{"_bbp_topic_count":0,"_bbp_reply_count":0,"_bbp_total_topic_count":0,"_bbp_total_reply_count":0,"_bbp_voice_count":0,"_bbp_anonymous_reply_count":0,"_bbp_topic_count_hidden":0,"_bbp_reply_count_hidden":0,"_bbp_forum_subforum_count":0,"footnotes":""},"categories":[29],"tags":[],"class_list":["post-1133","post","type-post","status-publish","format-standard","has-post-thumbnail","hentry","category-portada"],"post_mailing_queue_ids":[],"_links":{"self":[{"href":"https:\/\/agora.xtec.cat\/inslesvinyescubelles\/wp-json\/wp\/v2\/posts\/1133","targetHints":{"allow":["GET"]}}],"collection":[{"href":"https:\/\/agora.xtec.cat\/inslesvinyescubelles\/wp-json\/wp\/v2\/posts"}],"about":[{"href":"https:\/\/agora.xtec.cat\/inslesvinyescubelles\/wp-json\/wp\/v2\/types\/post"}],"author":[{"embeddable":true,"href":"https:\/\/agora.xtec.cat\/inslesvinyescubelles\/wp-json\/wp\/v2\/users\/1"}],"replies":[{"embeddable":true,"href":"https:\/\/agora.xtec.cat\/inslesvinyescubelles\/wp-json\/wp\/v2\/comments?post=1133"}],"version-history":[{"count":3,"href":"https:\/\/agora.xtec.cat\/inslesvinyescubelles\/wp-json\/wp\/v2\/posts\/1133\/revisions"}],"predecessor-version":[{"id":1230,"href":"https:\/\/agora.xtec.cat\/inslesvinyescubelles\/wp-json\/wp\/v2\/posts\/1133\/revisions\/1230"}],"wp:featuredmedia":[{"embeddable":true,"href":"https:\/\/agora.xtec.cat\/inslesvinyescubelles\/wp-json\/wp\/v2\/media\/1227"}],"wp:attachment":[{"href":"https:\/\/agora.xtec.cat\/inslesvinyescubelles\/wp-json\/wp\/v2\/media?parent=1133"}],"wp:term":[{"taxonomy":"category","embeddable":true,"href":"https:\/\/agora.xtec.cat\/inslesvinyescubelles\/wp-json\/wp\/v2\/categories?post=1133"},{"taxonomy":"post_tag","embeddable":true,"href":"https:\/\/agora.xtec.cat\/inslesvinyescubelles\/wp-json\/wp\/v2\/tags?post=1133"}],"curies":[{"name":"wp","href":"https:\/\/api.w.org\/{rel}","templated":true}]}}