{"id":11252,"date":"2020-05-05T20:28:30","date_gmt":"2020-05-05T18:28:30","guid":{"rendered":"http:\/\/agora.xtec.cat\/inslesvinyescubelles\/?p=11252"},"modified":"2020-05-05T20:29:50","modified_gmt":"2020-05-05T18:29:50","slug":"guanyadora-a-portada-agenda-2020-21","status":"publish","type":"post","link":"https:\/\/agora.xtec.cat\/inslesvinyescubelles\/general\/guanyadora-a-portada-agenda-2020-21\/","title":{"rendered":"Guanyadora del concurs: PORTADA AGENDA 2020\/21"},"content":{"rendered":"<p style=\"text-align: center;\">Enhorabona a Ruoyi\u00a0Jiang de 1r d&#8217;ESO B, guanyadora del concurs PORTADA AGENDA<a href=\"https:\/\/agora.xtec.cat\/inslesvinyescubelles\/wp-content\/uploads\/usu375\/2020\/05\/Guanyadora_agenda20_21.jpg\"><img loading=\"lazy\" decoding=\"async\" class=\"alignnone size-large wp-image-11253\" src=\"https:\/\/agora.xtec.cat\/inslesvinyescubelles\/wp-content\/uploads\/usu375\/2020\/05\/Guanyadora_agenda20_21-768x1024.jpg\" alt=\"\" width=\"768\" height=\"1024\" srcset=\"https:\/\/agora.xtec.cat\/inslesvinyescubelles\/wp-content\/uploads\/usu375\/2020\/05\/Guanyadora_agenda20_21-768x1024.jpg 768w, https:\/\/agora.xtec.cat\/inslesvinyescubelles\/wp-content\/uploads\/usu375\/2020\/05\/Guanyadora_agenda20_21-225x300.jpg 225w, https:\/\/agora.xtec.cat\/inslesvinyescubelles\/wp-content\/uploads\/usu375\/2020\/05\/Guanyadora_agenda20_21.jpg 800w\" sizes=\"auto, (max-width: 768px) 100vw, 768px\" \/><\/a><\/p>\n<p>Felicitats a les finalistes: Ainhoa Ord\u00f3\u00f1ez P\u00e9rez, de 4tB i Luc\u00eda Jim\u00e9nez Alonso de 1rB<\/p>\n<p><a href=\"https:\/\/agora.xtec.cat\/inslesvinyescubelles\/wp-content\/uploads\/usu375\/2020\/05\/2npremiagendaAO4B.jpg\"><img loading=\"lazy\" decoding=\"async\" class=\"alignnone size-full wp-image-11256\" src=\"https:\/\/agora.xtec.cat\/inslesvinyescubelles\/wp-content\/uploads\/usu375\/2020\/05\/2npremiagendaAO4B.jpg\" alt=\"\" width=\"300\" height=\"415\" srcset=\"https:\/\/agora.xtec.cat\/inslesvinyescubelles\/wp-content\/uploads\/usu375\/2020\/05\/2npremiagendaAO4B.jpg 300w, https:\/\/agora.xtec.cat\/inslesvinyescubelles\/wp-content\/uploads\/usu375\/2020\/05\/2npremiagendaAO4B-217x300.jpg 217w\" sizes=\"auto, (max-width: 300px) 100vw, 300px\" \/><\/a><a href=\"https:\/\/agora.xtec.cat\/inslesvinyescubelles\/wp-content\/uploads\/usu375\/2020\/05\/3rpremiagendaLJ1B.jpg\"><img loading=\"lazy\" decoding=\"async\" class=\"alignnone size-full wp-image-11257\" src=\"https:\/\/agora.xtec.cat\/inslesvinyescubelles\/wp-content\/uploads\/usu375\/2020\/05\/3rpremiagendaLJ1B.jpg\" alt=\"\" width=\"300\" height=\"400\" srcset=\"https:\/\/agora.xtec.cat\/inslesvinyescubelles\/wp-content\/uploads\/usu375\/2020\/05\/3rpremiagendaLJ1B.jpg 300w, https:\/\/agora.xtec.cat\/inslesvinyescubelles\/wp-content\/uploads\/usu375\/2020\/05\/3rpremiagendaLJ1B-225x300.jpg 225w\" sizes=\"auto, (max-width: 300px) 100vw, 300px\" \/><\/a><\/p>\n","protected":false},"excerpt":{"rendered":"<p>Enhorabona a Ruoyi\u00a0Jiang de 1r d&#8217;ESO B, guanyadora del concurs PORTADA AGENDA<a href=\"https:\/\/agora.xtec.cat\/inslesvinyescubelles\/wp-content\/uploads\/usu375\/2020\/05\/Guanyadora_agenda20_21.jpg\"><\/a><br \/>\nFelicitats a les finalistes: Ainhoa Ord\u00f3\u00f1ez P\u00e9rez, de 4tB i Luc\u00eda Jim\u00e9nez Alonso de 1rB<br \/>\n<a href=\"https:\/\/agora.xtec.cat\/inslesvinyescubelles\/wp-content\/uploads\/usu375\/2020\/05\/2npremiagendaAO4B.jpg\"><\/a><a href=\"https:\/\/agora.xtec.cat\/inslesvinyescubelles\/wp-content\/uploads\/usu375\/2020\/05\/3rpremiagendaLJ1B.jpg\"><\/a><\/p>\n","protected":false},"author":1,"featured_media":11253,"comment_status":"open","ping_status":"closed","sticky":false,"template":"","format":"standard","meta":{"_bbp_topic_count":0,"_bbp_reply_count":0,"_bbp_total_topic_count":0,"_bbp_total_reply_count":0,"_bbp_voice_count":0,"_bbp_anonymous_reply_count":0,"_bbp_topic_count_hidden":0,"_bbp_reply_count_hidden":0,"_bbp_forum_subforum_count":0,"footnotes":""},"categories":[1,29],"tags":[],"class_list":["post-11252","post","type-post","status-publish","format-standard","has-post-thumbnail","hentry","category-general","category-portada"],"post_mailing_queue_ids":[],"_links":{"self":[{"href":"https:\/\/agora.xtec.cat\/inslesvinyescubelles\/wp-json\/wp\/v2\/posts\/11252","targetHints":{"allow":["GET"]}}],"collection":[{"href":"https:\/\/agora.xtec.cat\/inslesvinyescubelles\/wp-json\/wp\/v2\/posts"}],"about":[{"href":"https:\/\/agora.xtec.cat\/inslesvinyescubelles\/wp-json\/wp\/v2\/types\/post"}],"author":[{"embeddable":true,"href":"https:\/\/agora.xtec.cat\/inslesvinyescubelles\/wp-json\/wp\/v2\/users\/1"}],"replies":[{"embeddable":true,"href":"https:\/\/agora.xtec.cat\/inslesvinyescubelles\/wp-json\/wp\/v2\/comments?post=11252"}],"version-history":[{"count":3,"href":"https:\/\/agora.xtec.cat\/inslesvinyescubelles\/wp-json\/wp\/v2\/posts\/11252\/revisions"}],"predecessor-version":[{"id":11258,"href":"https:\/\/agora.xtec.cat\/inslesvinyescubelles\/wp-json\/wp\/v2\/posts\/11252\/revisions\/11258"}],"wp:featuredmedia":[{"embeddable":true,"href":"https:\/\/agora.xtec.cat\/inslesvinyescubelles\/wp-json\/wp\/v2\/media\/11253"}],"wp:attachment":[{"href":"https:\/\/agora.xtec.cat\/inslesvinyescubelles\/wp-json\/wp\/v2\/media?parent=11252"}],"wp:term":[{"taxonomy":"category","embeddable":true,"href":"https:\/\/agora.xtec.cat\/inslesvinyescubelles\/wp-json\/wp\/v2\/categories?post=11252"},{"taxonomy":"post_tag","embeddable":true,"href":"https:\/\/agora.xtec.cat\/inslesvinyescubelles\/wp-json\/wp\/v2\/tags?post=11252"}],"curies":[{"name":"wp","href":"https:\/\/api.w.org\/{rel}","templated":true}]}}