{"id":10482,"date":"2019-11-16T18:01:45","date_gmt":"2019-11-16T17:01:45","guid":{"rendered":"http:\/\/agora.xtec.cat\/inslesvinyescubelles\/?p=10482"},"modified":"2019-12-01T18:58:26","modified_gmt":"2019-12-01T17:58:26","slug":"ciencia-quotidiana","status":"publish","type":"post","link":"https:\/\/agora.xtec.cat\/inslesvinyescubelles\/general\/ciencia-quotidiana\/","title":{"rendered":"Ci\u00e8ncia quotidiana"},"content":{"rendered":"<p style=\"text-align: center;\">L&#8217;alumnat de 4t d&#8217;ESO que cursa les optatives de F\u00edsica i Qu\u00edmica i Biologia i Geologia ha participat en la mostra d&#8217;experiments celebrada a Sitges el passat divendres dia 15 de novembre.<a href=\"https:\/\/agora.xtec.cat\/inslesvinyescubelles\/wp-content\/uploads\/usu375\/2019\/11\/plafo.jpg\"><br \/>\n<\/a><\/p>\n<p style=\"text-align: center;\"><a href=\"https:\/\/agora.xtec.cat\/inslesvinyescubelles\/wp-content\/uploads\/usu375\/2019\/11\/plafo.jpg\"><img loading=\"lazy\" decoding=\"async\" class=\"size-full wp-image-10478 aligncenter\" src=\"https:\/\/agora.xtec.cat\/inslesvinyescubelles\/wp-content\/uploads\/usu375\/2019\/11\/plafo.jpg\" alt=\"\" width=\"1000\" height=\"718\" srcset=\"https:\/\/agora.xtec.cat\/inslesvinyescubelles\/wp-content\/uploads\/usu375\/2019\/11\/plafo.jpg 1000w, https:\/\/agora.xtec.cat\/inslesvinyescubelles\/wp-content\/uploads\/usu375\/2019\/11\/plafo-300x215.jpg 300w, https:\/\/agora.xtec.cat\/inslesvinyescubelles\/wp-content\/uploads\/usu375\/2019\/11\/plafo-768x551.jpg 768w\" sizes=\"auto, (max-width: 1000px) 100vw, 1000px\" \/><\/a><\/p>\n<p style=\"text-align: center;\">Al llarg del mat\u00ed han pogut mostrar els seus experiments als grups d&#8217;alumnes de prim\u00e0ria i secund\u00e0ria que han visitat l&#8217;estand.<\/p>\n<p><a href=\"https:\/\/agora.xtec.cat\/inslesvinyescubelles\/wp-content\/uploads\/usu375\/2019\/11\/sitges19_2w.jpg\"><img loading=\"lazy\" decoding=\"async\" class=\"size-large wp-image-10476\" src=\"https:\/\/agora.xtec.cat\/inslesvinyescubelles\/wp-content\/uploads\/usu375\/2019\/11\/sitges19_2w-1024x768.jpg\" alt=\"\" width=\"1024\" height=\"768\" srcset=\"https:\/\/agora.xtec.cat\/inslesvinyescubelles\/wp-content\/uploads\/usu375\/2019\/11\/sitges19_2w-1024x768.jpg 1024w, https:\/\/agora.xtec.cat\/inslesvinyescubelles\/wp-content\/uploads\/usu375\/2019\/11\/sitges19_2w-300x225.jpg 300w, https:\/\/agora.xtec.cat\/inslesvinyescubelles\/wp-content\/uploads\/usu375\/2019\/11\/sitges19_2w-768x576.jpg 768w, https:\/\/agora.xtec.cat\/inslesvinyescubelles\/wp-content\/uploads\/usu375\/2019\/11\/sitges19_2w-200x150.jpg 200w, https:\/\/agora.xtec.cat\/inslesvinyescubelles\/wp-content\/uploads\/usu375\/2019\/11\/sitges19_2w.jpg 1333w\" sizes=\"auto, (max-width: 1024px) 100vw, 1024px\" \/><\/a><\/p>\n<p style=\"text-align: center;\">L&#8217;alumnat de 1r d&#8217;ESO del nostre centre ha visitat la mostra<\/p>\n<p><a href=\"https:\/\/agora.xtec.cat\/inslesvinyescubelles\/wp-content\/uploads\/usu375\/2019\/11\/sitges19_3w.jpg\"><img loading=\"lazy\" decoding=\"async\" class=\"size-large wp-image-10477\" src=\"https:\/\/agora.xtec.cat\/inslesvinyescubelles\/wp-content\/uploads\/usu375\/2019\/11\/sitges19_3w-1024x768.jpg\" alt=\"\" width=\"1024\" height=\"768\" srcset=\"https:\/\/agora.xtec.cat\/inslesvinyescubelles\/wp-content\/uploads\/usu375\/2019\/11\/sitges19_3w-1024x768.jpg 1024w, https:\/\/agora.xtec.cat\/inslesvinyescubelles\/wp-content\/uploads\/usu375\/2019\/11\/sitges19_3w-300x225.jpg 300w, https:\/\/agora.xtec.cat\/inslesvinyescubelles\/wp-content\/uploads\/usu375\/2019\/11\/sitges19_3w-768x576.jpg 768w, https:\/\/agora.xtec.cat\/inslesvinyescubelles\/wp-content\/uploads\/usu375\/2019\/11\/sitges19_3w-200x150.jpg 200w, https:\/\/agora.xtec.cat\/inslesvinyescubelles\/wp-content\/uploads\/usu375\/2019\/11\/sitges19_3w.jpg 1333w\" sizes=\"auto, (max-width: 1024px) 100vw, 1024px\" \/><\/a><\/p>\n<h3 style=\"text-align: center;\">Compartint, tothom apr\u00e8n!<\/h3>\n<p><a href=\"https:\/\/agora.xtec.cat\/inslesvinyescubelles\/wp-content\/uploads\/usu375\/2019\/11\/sitges19_1_w.jpg\"><img loading=\"lazy\" decoding=\"async\" class=\"size-full wp-image-10479 aligncenter\" src=\"https:\/\/agora.xtec.cat\/inslesvinyescubelles\/wp-content\/uploads\/usu375\/2019\/11\/sitges19_1_w.jpg\" alt=\"\" width=\"800\" height=\"600\" srcset=\"https:\/\/agora.xtec.cat\/inslesvinyescubelles\/wp-content\/uploads\/usu375\/2019\/11\/sitges19_1_w.jpg 800w, https:\/\/agora.xtec.cat\/inslesvinyescubelles\/wp-content\/uploads\/usu375\/2019\/11\/sitges19_1_w-300x225.jpg 300w, https:\/\/agora.xtec.cat\/inslesvinyescubelles\/wp-content\/uploads\/usu375\/2019\/11\/sitges19_1_w-768x576.jpg 768w, https:\/\/agora.xtec.cat\/inslesvinyescubelles\/wp-content\/uploads\/usu375\/2019\/11\/sitges19_1_w-200x150.jpg 200w\" sizes=\"auto, (max-width: 800px) 100vw, 800px\" \/><\/a><\/p>\n","protected":false},"excerpt":{"rendered":"<p>L&#8217;alumnat de 4t d&#8217;ESO que cursa les optatives de F\u00edsica i Qu\u00edmica i Biologia i Geologia ha participat en la mostra d&#8217;experiments celebrada a Sitges el passat divendres dia 15 de novembre.<a href=\"https:\/\/agora.xtec.cat\/inslesvinyescubelles\/wp-content\/uploads\/usu375\/2019\/11\/plafo.jpg\"><br \/>\n<\/a><br \/>\n<a href=\"https:\/\/agora.xtec.cat\/inslesvinyescubelles\/wp-content\/uploads\/usu375\/2019\/11\/plafo.jpg\"><\/a><br \/>\nAl llarg del mat\u00ed han pogut mostrar els seus experiments als grups&hellip;  <a href=\"https:\/\/agora.xtec.cat\/inslesvinyescubelles\/general\/ciencia-quotidiana\/\" title=\"Read Ci\u00e8ncia quotidiana\">Llegeix m\u00e9s\u00bb<\/a><\/p>\n","protected":false},"author":1,"featured_media":10475,"comment_status":"open","ping_status":"closed","sticky":false,"template":"","format":"standard","meta":{"_bbp_topic_count":0,"_bbp_reply_count":0,"_bbp_total_topic_count":0,"_bbp_total_reply_count":0,"_bbp_voice_count":0,"_bbp_anonymous_reply_count":0,"_bbp_topic_count_hidden":0,"_bbp_reply_count_hidden":0,"_bbp_forum_subforum_count":0,"footnotes":""},"categories":[235,236,237,61,77,84,1,29],"tags":[],"class_list":["post-10482","post","type-post","status-publish","format-standard","has-post-thumbnail","hentry","category-1r-eso-2019-20","category-eso-1a","category-eso-1b","category-4-eso1920","category-eso-4a","category-eso-4b","category-general","category-portada"],"post_mailing_queue_ids":[],"_links":{"self":[{"href":"https:\/\/agora.xtec.cat\/inslesvinyescubelles\/wp-json\/wp\/v2\/posts\/10482","targetHints":{"allow":["GET"]}}],"collection":[{"href":"https:\/\/agora.xtec.cat\/inslesvinyescubelles\/wp-json\/wp\/v2\/posts"}],"about":[{"href":"https:\/\/agora.xtec.cat\/inslesvinyescubelles\/wp-json\/wp\/v2\/types\/post"}],"author":[{"embeddable":true,"href":"https:\/\/agora.xtec.cat\/inslesvinyescubelles\/wp-json\/wp\/v2\/users\/1"}],"replies":[{"embeddable":true,"href":"https:\/\/agora.xtec.cat\/inslesvinyescubelles\/wp-json\/wp\/v2\/comments?post=10482"}],"version-history":[{"count":3,"href":"https:\/\/agora.xtec.cat\/inslesvinyescubelles\/wp-json\/wp\/v2\/posts\/10482\/revisions"}],"predecessor-version":[{"id":10485,"href":"https:\/\/agora.xtec.cat\/inslesvinyescubelles\/wp-json\/wp\/v2\/posts\/10482\/revisions\/10485"}],"wp:featuredmedia":[{"embeddable":true,"href":"https:\/\/agora.xtec.cat\/inslesvinyescubelles\/wp-json\/wp\/v2\/media\/10475"}],"wp:attachment":[{"href":"https:\/\/agora.xtec.cat\/inslesvinyescubelles\/wp-json\/wp\/v2\/media?parent=10482"}],"wp:term":[{"taxonomy":"category","embeddable":true,"href":"https:\/\/agora.xtec.cat\/inslesvinyescubelles\/wp-json\/wp\/v2\/categories?post=10482"},{"taxonomy":"post_tag","embeddable":true,"href":"https:\/\/agora.xtec.cat\/inslesvinyescubelles\/wp-json\/wp\/v2\/tags?post=10482"}],"curies":[{"name":"wp","href":"https:\/\/api.w.org\/{rel}","templated":true}]}}