{"id":10247,"date":"2019-06-09T12:22:49","date_gmt":"2019-06-09T10:22:49","guid":{"rendered":"http:\/\/agora.xtec.cat\/inslesvinyescubelles\/?p=10247"},"modified":"2019-06-28T11:51:32","modified_gmt":"2019-06-28T09:51:32","slug":"la-taula-periodica-com-mai-lhas-vist","status":"publish","type":"post","link":"https:\/\/agora.xtec.cat\/inslesvinyescubelles\/general\/la-taula-periodica-com-mai-lhas-vist\/","title":{"rendered":"La Taula Peri\u00f2dica com mai l&#8217;has vist"},"content":{"rendered":"<p>El TecnoLabDay a l&#8217;INS Les Vinyes s&#8217;uneix als actes de celebraci\u00f3 del 150 aniversari de la Taula Peri\u00f2dica.<\/p>\n<p>L&#8217;Assemblea General de les Nacions Unides(ONU) va proclamar 2019 com Any Internacional de la Taula Peri\u00f2dica dels Elements Qu\u00edmics (IYPT 2019), coincidint amb el 150 aniversari del genial descobriment del qu\u00edmic Dmitri Mendel\u00e9iev del sistema peri\u00f2dic en 1869.<\/p>\n<p><a href=\"https:\/\/agora.xtec.cat\/inslesvinyescubelles\/wp-content\/uploads\/usu375\/2019\/06\/TP_aerea_w.jpg\"><img loading=\"lazy\" decoding=\"async\" class=\"size-full wp-image-10248 aligncenter\" src=\"https:\/\/agora.xtec.cat\/inslesvinyescubelles\/wp-content\/uploads\/usu375\/2019\/06\/TP_aerea_w.jpg\" alt=\"\" width=\"1000\" height=\"747\" srcset=\"https:\/\/agora.xtec.cat\/inslesvinyescubelles\/wp-content\/uploads\/usu375\/2019\/06\/TP_aerea_w.jpg 1000w, https:\/\/agora.xtec.cat\/inslesvinyescubelles\/wp-content\/uploads\/usu375\/2019\/06\/TP_aerea_w-300x224.jpg 300w, https:\/\/agora.xtec.cat\/inslesvinyescubelles\/wp-content\/uploads\/usu375\/2019\/06\/TP_aerea_w-768x574.jpg 768w, https:\/\/agora.xtec.cat\/inslesvinyescubelles\/wp-content\/uploads\/usu375\/2019\/06\/TP_aerea_w-200x150.jpg 200w\" sizes=\"auto, (max-width: 1000px) 100vw, 1000px\" \/><\/a> <a href=\"https:\/\/agora.xtec.cat\/inslesvinyescubelles\/wp-content\/uploads\/usu375\/2019\/06\/TPposterizada_w.jpg\"><img loading=\"lazy\" decoding=\"async\" class=\"size-large wp-image-10249 aligncenter\" src=\"https:\/\/agora.xtec.cat\/inslesvinyescubelles\/wp-content\/uploads\/usu375\/2019\/06\/TPposterizada_w.jpg\" alt=\"\" width=\"1000\" height=\"569\" srcset=\"https:\/\/agora.xtec.cat\/inslesvinyescubelles\/wp-content\/uploads\/usu375\/2019\/06\/TPposterizada_w.jpg 1000w, https:\/\/agora.xtec.cat\/inslesvinyescubelles\/wp-content\/uploads\/usu375\/2019\/06\/TPposterizada_w-300x171.jpg 300w, https:\/\/agora.xtec.cat\/inslesvinyescubelles\/wp-content\/uploads\/usu375\/2019\/06\/TPposterizada_w-768x437.jpg 768w\" sizes=\"auto, (max-width: 1000px) 100vw, 1000px\" \/><\/a><\/p>\n<p>L&#8217;alumnat dels diferents nivells del centre va formar una taula peri\u00f2dica gegant a la pista esportiva del centre. Des de dalt, amb un dron dirigit per l&#8217;alumne de 4t Emmanuel Edat es va prendre aquesta fotografia.<\/p>\n<p>Moltes gr\u00e0cies per la participaci\u00f3 de tothom!<\/p>\n","protected":false},"excerpt":{"rendered":"<p>El TecnoLabDay a l&#8217;INS Les Vinyes s&#8217;uneix als actes de celebraci\u00f3 del 150 aniversari de la Taula Peri\u00f2dica.<br \/>\nL&#8217;Assemblea General de les Nacions Unides(ONU) va proclamar 2019 com Any Internacional de la Taula Peri\u00f2dica dels Elements Qu\u00edmics (IYPT 2019), coincidint amb el 150 aniversari del genial&hellip;  <a href=\"https:\/\/agora.xtec.cat\/inslesvinyescubelles\/general\/la-taula-periodica-com-mai-lhas-vist\/\" title=\"Read La Taula Peri\u00f2dica com mai l&#8217;has vist\">Llegeix m\u00e9s\u00bb<\/a><\/p>\n","protected":false},"author":1,"featured_media":10249,"comment_status":"open","ping_status":"closed","sticky":false,"template":"","format":"standard","meta":{"_bbp_topic_count":0,"_bbp_reply_count":0,"_bbp_total_topic_count":0,"_bbp_total_reply_count":0,"_bbp_voice_count":0,"_bbp_anonymous_reply_count":0,"_bbp_topic_count_hidden":0,"_bbp_reply_count_hidden":0,"_bbp_forum_subforum_count":0,"footnotes":""},"categories":[143,81,82,76,137,138,61,77,84,1,29],"tags":[],"class_list":["post-10247","post","type-post","status-publish","format-standard","has-post-thumbnail","hentry","category-2n-eso-2019-20","category-eso-a2","category-eso-2b","category-3r-eso1920","category-eso-3a","category-eso-3b","category-4-eso1920","category-eso-4a","category-eso-4b","category-general","category-portada"],"post_mailing_queue_ids":[],"_links":{"self":[{"href":"https:\/\/agora.xtec.cat\/inslesvinyescubelles\/wp-json\/wp\/v2\/posts\/10247","targetHints":{"allow":["GET"]}}],"collection":[{"href":"https:\/\/agora.xtec.cat\/inslesvinyescubelles\/wp-json\/wp\/v2\/posts"}],"about":[{"href":"https:\/\/agora.xtec.cat\/inslesvinyescubelles\/wp-json\/wp\/v2\/types\/post"}],"author":[{"embeddable":true,"href":"https:\/\/agora.xtec.cat\/inslesvinyescubelles\/wp-json\/wp\/v2\/users\/1"}],"replies":[{"embeddable":true,"href":"https:\/\/agora.xtec.cat\/inslesvinyescubelles\/wp-json\/wp\/v2\/comments?post=10247"}],"version-history":[{"count":4,"href":"https:\/\/agora.xtec.cat\/inslesvinyescubelles\/wp-json\/wp\/v2\/posts\/10247\/revisions"}],"predecessor-version":[{"id":10322,"href":"https:\/\/agora.xtec.cat\/inslesvinyescubelles\/wp-json\/wp\/v2\/posts\/10247\/revisions\/10322"}],"wp:featuredmedia":[{"embeddable":true,"href":"https:\/\/agora.xtec.cat\/inslesvinyescubelles\/wp-json\/wp\/v2\/media\/10249"}],"wp:attachment":[{"href":"https:\/\/agora.xtec.cat\/inslesvinyescubelles\/wp-json\/wp\/v2\/media?parent=10247"}],"wp:term":[{"taxonomy":"category","embeddable":true,"href":"https:\/\/agora.xtec.cat\/inslesvinyescubelles\/wp-json\/wp\/v2\/categories?post=10247"},{"taxonomy":"post_tag","embeddable":true,"href":"https:\/\/agora.xtec.cat\/inslesvinyescubelles\/wp-json\/wp\/v2\/tags?post=10247"}],"curies":[{"name":"wp","href":"https:\/\/api.w.org\/{rel}","templated":true}]}}