{"id":5497,"date":"2022-06-13T09:08:43","date_gmt":"2022-06-13T07:08:43","guid":{"rendered":"https:\/\/agora.xtec.cat\/insleonardo\/?p=5497"},"modified":"2022-06-13T09:09:32","modified_gmt":"2022-06-13T07:09:32","slug":"3a-edicio-del-festival-de-fotografia-luminic","status":"publish","type":"post","link":"https:\/\/agora.xtec.cat\/insleonardo\/general\/3a-edicio-del-festival-de-fotografia-luminic\/","title":{"rendered":"3a edici\u00f3 del festival de fotografia Lum\u00ednic"},"content":{"rendered":"<hr \/>\n<p>Ens complau informar-vos que de <strong>l\u201911 de juny al 17 de juliol<\/strong> participem en la tercera edici\u00f3 del festival de fotografia Lum\u00ednic amb l\u2019exposici\u00f3 muntada a partir d\u2019una selecci\u00f3 de 30 fotografies realitzades, seleccionades i explicades per l\u2019alumnat de 3ESO del nostre centre, ubicada a la Biblioteca Gabriel Ferrater de Sant Cugat del Vall\u00e8s.<br \/>\nSota el t\u00edtol <strong>Alumnes de l\u2019INS Leonardo<\/strong>, el nostre alumnat ha participat dins el marc del servei comunitari amb l\u2019objectiu de generar un espai de creaci\u00f3 i sin\u00e8rgies experimentals al voltant del m\u00f3n de la <strong>fotografia matem\u00e0tica<\/strong> i dins de la vessant divulgativa del pla educatiu de Lum\u00ednic.<br \/>\nUs enviem el link amb tots els espais expositius que compr\u00e8n la tercera edici\u00f3 d\u2019aquest important Festival de Fotografia, aix\u00ed com el cartell publicitari de la nostra exposici\u00f3.<br \/>\nEns sentim molt orgullosos de la feina realitzada pel nostre alumnat i agra\u00efm la col\u00b7laboraci\u00f3 imprescindible de l\u2019associaci\u00f3 Lum\u00ednic per apropar i difondre la t\u00e8cnica i capacitat art\u00edstica de la fotografia entre els adolescents.<\/p>\n<p>Esperem que la gaudiu tant com el nostre alumnat ho ha fet al llarg del curs!<\/p>\n<p>#FestivaLum\u00ednic<br \/>\n#Innovaci\u00f3 Leonardo<\/p>\n<p><a href=\"https:\/\/www.luminicfestival.com\/exposicions?utm_source=Festival+de+Fotografia+de+Sant+Cugat+del+Vall%C3%A8s&amp;amp;utm_campaign=ba5a8eed28-EMAIL_CAMPAIGN_2020_03_23_04_14_COPY_02&amp;amp;utm_medium=email&amp;amp;utm_term=0_631bba745d-ba5a8eed28-438298496\" target=\"_blank\" rel=\"noopener\">luminicfestival exposicions<\/a><\/p>\n<p>Fitxer: <a href=\"https:\/\/agora.xtec.cat\/insleonardo\/wp-content\/uploads\/usu34\/2022\/06\/Festival-Luminic-exposicio.pdf\" target=\"_blank\" rel=\"noopener\">Carta &#8211; Festival Lum\u00ednic exposici\u00f3<\/a><\/p>\n<hr \/>\n","protected":false},"excerpt":{"rendered":"<p>Ens complau informar-vos que de l\u201911 de juny al 17 de juliol participem en la tercera edici\u00f3 del festival de fotografia Lum\u00ednic amb l\u2019exposici\u00f3 muntada a partir d\u2019una selecci\u00f3 de 30 fotografies realitzades, seleccionades i explicades per l\u2019alumnat de 3ESO del nostre centre, ubicada a la Biblioteca Gabriel Ferrater de Sant Cugat del Vall\u00e8s. Sota [&hellip;]<\/p>\n","protected":false},"author":1,"featured_media":0,"comment_status":"closed","ping_status":"closed","sticky":false,"template":"","format":"standard","meta":{"_bbp_topic_count":0,"_bbp_reply_count":0,"_bbp_total_topic_count":0,"_bbp_total_reply_count":0,"_bbp_voice_count":0,"_bbp_anonymous_reply_count":0,"_bbp_topic_count_hidden":0,"_bbp_reply_count_hidden":0,"_bbp_forum_subforum_count":0,"site-sidebar-layout":"default","site-content-layout":"","ast-site-content-layout":"","site-content-style":"default","site-sidebar-style":"default","ast-global-header-display":"","ast-banner-title-visibility":"","ast-main-header-display":"","ast-hfb-above-header-display":"","ast-hfb-below-header-display":"","ast-hfb-mobile-header-display":"","site-post-title":"","ast-breadcrumbs-content":"","ast-featured-img":"","footer-sml-layout":"","theme-transparent-header-meta":"","adv-header-id-meta":"","stick-header-meta":"","header-above-stick-meta":"","header-main-stick-meta":"","header-below-stick-meta":"","astra-migrate-meta-layouts":"default","ast-page-background-enabled":"default","ast-page-background-meta":{"desktop":{"background-color":"var(--ast-global-color-4)","background-image":"","background-repeat":"repeat","background-position":"center center","background-size":"auto","background-attachment":"scroll","background-type":"","background-media":"","overlay-type":"","overlay-color":"","overlay-opacity":"","overlay-gradient":""},"tablet":{"background-color":"","background-image":"","background-repeat":"repeat","background-position":"center center","background-size":"auto","background-attachment":"scroll","background-type":"","background-media":"","overlay-type":"","overlay-color":"","overlay-opacity":"","overlay-gradient":""},"mobile":{"background-color":"","background-image":"","background-repeat":"repeat","background-position":"center center","background-size":"auto","background-attachment":"scroll","background-type":"","background-media":"","overlay-type":"","overlay-color":"","overlay-opacity":"","overlay-gradient":""}},"ast-content-background-meta":{"desktop":{"background-color":"var(--ast-global-color-5)","background-image":"","background-repeat":"repeat","background-position":"center center","background-size":"auto","background-attachment":"scroll","background-type":"","background-media":"","overlay-type":"","overlay-color":"","overlay-opacity":"","overlay-gradient":""},"tablet":{"background-color":"var(--ast-global-color-5)","background-image":"","background-repeat":"repeat","background-position":"center center","background-size":"auto","background-attachment":"scroll","background-type":"","background-media":"","overlay-type":"","overlay-color":"","overlay-opacity":"","overlay-gradient":""},"mobile":{"background-color":"var(--ast-global-color-5)","background-image":"","background-repeat":"repeat","background-position":"center center","background-size":"auto","background-attachment":"scroll","background-type":"","background-media":"","overlay-type":"","overlay-color":"","overlay-opacity":"","overlay-gradient":""}},"footnotes":""},"categories":[6,1,29],"tags":[153,154],"class_list":["post-5497","post","type-post","status-publish","format-standard","hentry","category-eso-3","category-general","category-portada","tag-festivaluminic","tag-innovacio-leonardo"],"post_mailing_queue_ids":[],"_links":{"self":[{"href":"https:\/\/agora.xtec.cat\/insleonardo\/wp-json\/wp\/v2\/posts\/5497","targetHints":{"allow":["GET"]}}],"collection":[{"href":"https:\/\/agora.xtec.cat\/insleonardo\/wp-json\/wp\/v2\/posts"}],"about":[{"href":"https:\/\/agora.xtec.cat\/insleonardo\/wp-json\/wp\/v2\/types\/post"}],"author":[{"embeddable":true,"href":"https:\/\/agora.xtec.cat\/insleonardo\/wp-json\/wp\/v2\/users\/1"}],"replies":[{"embeddable":true,"href":"https:\/\/agora.xtec.cat\/insleonardo\/wp-json\/wp\/v2\/comments?post=5497"}],"version-history":[{"count":2,"href":"https:\/\/agora.xtec.cat\/insleonardo\/wp-json\/wp\/v2\/posts\/5497\/revisions"}],"predecessor-version":[{"id":5500,"href":"https:\/\/agora.xtec.cat\/insleonardo\/wp-json\/wp\/v2\/posts\/5497\/revisions\/5500"}],"wp:attachment":[{"href":"https:\/\/agora.xtec.cat\/insleonardo\/wp-json\/wp\/v2\/media?parent=5497"}],"wp:term":[{"taxonomy":"category","embeddable":true,"href":"https:\/\/agora.xtec.cat\/insleonardo\/wp-json\/wp\/v2\/categories?post=5497"},{"taxonomy":"post_tag","embeddable":true,"href":"https:\/\/agora.xtec.cat\/insleonardo\/wp-json\/wp\/v2\/tags?post=5497"}],"curies":[{"name":"wp","href":"https:\/\/api.w.org\/{rel}","templated":true}]}}