{"id":8465,"date":"2026-04-24T10:42:34","date_gmt":"2026-04-24T08:42:34","guid":{"rendered":"https:\/\/agora.xtec.cat\/inslavall\/?p=8465"},"modified":"2026-04-24T10:42:35","modified_gmt":"2026-04-24T08:42:35","slug":"fem-matematiques-2","status":"publish","type":"post","link":"https:\/\/agora.xtec.cat\/inslavall\/portada\/fem-matematiques-2\/","title":{"rendered":"Fem matem\u00e0tiques"},"content":{"rendered":"\n<div class=\"wp-block-columns is-layout-flex wp-container-core-columns-is-layout-1 wp-block-columns-is-layout-flex\">\n<div class=\"wp-block-column is-layout-flow wp-block-column-is-layout-flow\" style=\"flex-basis:66.66%\">\n<figure class=\"wp-block-image size-full\"><a href=\"https:\/\/agora.xtec.cat\/inslavall\/wp-content\/uploads\/usu65\/2026\/04\/Screenshot_6.jpg\"><img loading=\"lazy\" decoding=\"async\" width=\"679\" height=\"137\" src=\"https:\/\/agora.xtec.cat\/inslavall\/wp-content\/uploads\/usu65\/2026\/04\/Screenshot_6.jpg\" alt=\"\" class=\"wp-image-8468\" srcset=\"https:\/\/agora.xtec.cat\/inslavall\/wp-content\/uploads\/usu65\/2026\/04\/Screenshot_6.jpg 679w, https:\/\/agora.xtec.cat\/inslavall\/wp-content\/uploads\/usu65\/2026\/04\/Screenshot_6-300x61.jpg 300w\" sizes=\"auto, (max-width: 679px) 100vw, 679px\" \/><\/a><\/figure>\n\n\n\n<p>Enguany, l&#8217;institut Vall de Ll\u00e9mena esdev\u00e9 la seu de la segona fase  provincial de <strong><a href=\"https:\/\/fm.feemcat.org\/\">Fem Matem\u00e0tiques<\/a><\/strong><\/p>\n<\/div>\n\n\n\n<div class=\"wp-block-column is-layout-flow wp-block-column-is-layout-flow\" style=\"flex-basis:33.33%\">\n<figure class=\"wp-block-image size-large\"><a href=\"https:\/\/agora.xtec.cat\/inslavall\/wp-content\/uploads\/usu65\/2026\/04\/WhatsApp-Image-2026-04-24-at-09.44.14.jpeg\"><img loading=\"lazy\" decoding=\"async\" width=\"865\" height=\"1024\" src=\"https:\/\/agora.xtec.cat\/inslavall\/wp-content\/uploads\/usu65\/2026\/04\/WhatsApp-Image-2026-04-24-at-09.44.14-865x1024.jpeg\" alt=\"\" class=\"wp-image-8467\" srcset=\"https:\/\/agora.xtec.cat\/inslavall\/wp-content\/uploads\/usu65\/2026\/04\/WhatsApp-Image-2026-04-24-at-09.44.14-865x1024.jpeg 865w, https:\/\/agora.xtec.cat\/inslavall\/wp-content\/uploads\/usu65\/2026\/04\/WhatsApp-Image-2026-04-24-at-09.44.14-253x300.jpeg 253w, https:\/\/agora.xtec.cat\/inslavall\/wp-content\/uploads\/usu65\/2026\/04\/WhatsApp-Image-2026-04-24-at-09.44.14-768x909.jpeg 768w, https:\/\/agora.xtec.cat\/inslavall\/wp-content\/uploads\/usu65\/2026\/04\/WhatsApp-Image-2026-04-24-at-09.44.14.jpeg 1144w\" sizes=\"auto, (max-width: 865px) 100vw, 865px\" \/><\/a><\/figure>\n<\/div>\n<\/div>\n\n\n\n<p><\/p>\n","protected":false},"excerpt":{"rendered":"<p>Enguany, l&#8217;institut Vall de Ll\u00e9mena esdev\u00e9 la seu de la segona fase provincial de Fem Matem\u00e0tiques<\/p>\n","protected":false},"author":1,"featured_media":8469,"comment_status":"closed","ping_status":"open","sticky":false,"template":"","format":"standard","meta":{"_bbp_topic_count":0,"_bbp_reply_count":0,"_bbp_total_topic_count":0,"_bbp_total_reply_count":0,"_bbp_voice_count":0,"_bbp_anonymous_reply_count":0,"_bbp_topic_count_hidden":0,"_bbp_reply_count_hidden":0,"_bbp_forum_subforum_count":0,"site-sidebar-layout":"default","site-content-layout":"","ast-site-content-layout":"default","site-content-style":"default","site-sidebar-style":"default","ast-global-header-display":"","ast-banner-title-visibility":"","ast-main-header-display":"","ast-hfb-above-header-display":"","ast-hfb-below-header-display":"","ast-hfb-mobile-header-display":"","site-post-title":"","ast-breadcrumbs-content":"","ast-featured-img":"","footer-sml-layout":"","theme-transparent-header-meta":"","adv-header-id-meta":"","stick-header-meta":"","header-above-stick-meta":"","header-main-stick-meta":"","header-below-stick-meta":"","astra-migrate-meta-layouts":"set","ast-page-background-enabled":"default","ast-page-background-meta":{"desktop":{"background-color":"var(--ast-global-color-4)","background-image":"","background-repeat":"repeat","background-position":"center center","background-size":"auto","background-attachment":"scroll","background-type":"","background-media":"","overlay-type":"","overlay-color":"","overlay-opacity":"","overlay-gradient":""},"tablet":{"background-color":"","background-image":"","background-repeat":"repeat","background-position":"center center","background-size":"auto","background-attachment":"scroll","background-type":"","background-media":"","overlay-type":"","overlay-color":"","overlay-opacity":"","overlay-gradient":""},"mobile":{"background-color":"","background-image":"","background-repeat":"repeat","background-position":"center center","background-size":"auto","background-attachment":"scroll","background-type":"","background-media":"","overlay-type":"","overlay-color":"","overlay-opacity":"","overlay-gradient":""}},"ast-content-background-meta":{"desktop":{"background-color":"var(--ast-global-color-5)","background-image":"","background-repeat":"repeat","background-position":"center center","background-size":"auto","background-attachment":"scroll","background-type":"","background-media":"","overlay-type":"","overlay-color":"","overlay-opacity":"","overlay-gradient":""},"tablet":{"background-color":"var(--ast-global-color-5)","background-image":"","background-repeat":"repeat","background-position":"center center","background-size":"auto","background-attachment":"scroll","background-type":"","background-media":"","overlay-type":"","overlay-color":"","overlay-opacity":"","overlay-gradient":""},"mobile":{"background-color":"var(--ast-global-color-5)","background-image":"","background-repeat":"repeat","background-position":"center center","background-size":"auto","background-attachment":"scroll","background-type":"","background-media":"","overlay-type":"","overlay-color":"","overlay-opacity":"","overlay-gradient":""}},"footnotes":""},"categories":[29],"tags":[],"class_list":["post-8465","post","type-post","status-publish","format-standard","has-post-thumbnail","hentry","category-portada"],"post_mailing_queue_ids":[],"_links":{"self":[{"href":"https:\/\/agora.xtec.cat\/inslavall\/wp-json\/wp\/v2\/posts\/8465","targetHints":{"allow":["GET"]}}],"collection":[{"href":"https:\/\/agora.xtec.cat\/inslavall\/wp-json\/wp\/v2\/posts"}],"about":[{"href":"https:\/\/agora.xtec.cat\/inslavall\/wp-json\/wp\/v2\/types\/post"}],"author":[{"embeddable":true,"href":"https:\/\/agora.xtec.cat\/inslavall\/wp-json\/wp\/v2\/users\/1"}],"replies":[{"embeddable":true,"href":"https:\/\/agora.xtec.cat\/inslavall\/wp-json\/wp\/v2\/comments?post=8465"}],"version-history":[{"count":1,"href":"https:\/\/agora.xtec.cat\/inslavall\/wp-json\/wp\/v2\/posts\/8465\/revisions"}],"predecessor-version":[{"id":8470,"href":"https:\/\/agora.xtec.cat\/inslavall\/wp-json\/wp\/v2\/posts\/8465\/revisions\/8470"}],"wp:featuredmedia":[{"embeddable":true,"href":"https:\/\/agora.xtec.cat\/inslavall\/wp-json\/wp\/v2\/media\/8469"}],"wp:attachment":[{"href":"https:\/\/agora.xtec.cat\/inslavall\/wp-json\/wp\/v2\/media?parent=8465"}],"wp:term":[{"taxonomy":"category","embeddable":true,"href":"https:\/\/agora.xtec.cat\/inslavall\/wp-json\/wp\/v2\/categories?post=8465"},{"taxonomy":"post_tag","embeddable":true,"href":"https:\/\/agora.xtec.cat\/inslavall\/wp-json\/wp\/v2\/tags?post=8465"}],"curies":[{"name":"wp","href":"https:\/\/api.w.org\/{rel}","templated":true}]}}