{"id":944,"date":"2017-03-01T08:30:27","date_gmt":"2017-03-01T07:30:27","guid":{"rendered":"http:\/\/agora.xtec.cat\/inslasinia\/?p=944"},"modified":"2017-03-02T11:15:32","modified_gmt":"2017-03-02T10:15:32","slug":"jaume-funes-fa-una-sessio-formativa-al-claustre-del-centre","status":"publish","type":"post","link":"https:\/\/agora.xtec.cat\/inslasinia\/general\/jaume-funes-fa-una-sessio-formativa-al-claustre-del-centre\/","title":{"rendered":"Jaume Funes fa una sessi\u00f3 formativa al claustre del centre"},"content":{"rendered":"<p style=\"text-align: justify;\"><a href=\"http:\/\/agora.xtec.cat\/inslasinia\/wp-content\/uploads\/usu512\/2017\/03\/1.png\"><img loading=\"lazy\" decoding=\"async\" class=\"alignnone  wp-image-953\" src=\"http:\/\/agora.xtec.cat\/inslasinia\/wp-content\/uploads\/usu512\/2017\/03\/1.png\" alt=\"1\" width=\"411\" height=\"411\" \/><\/a><\/p>\n<p style=\"text-align: justify;\">Ahir dia 28 de febrer el psic\u00f2leg, educador i periodista Jaume Funes va fer una sessi\u00f3 formativa a tot el professorat de l&#8217;institut La S\u00ednia, dins el Pla de Formaci\u00f3 de Centre.<\/p>\n<p style=\"text-align: justify;\">El tema de la xerrada va ser L&#8217;adolesc\u00e8ncia, com ha de ser la nostra mirada envers els adolescents i caracter\u00edstiques d&#8217;aquesta etapa de la vida. Un cop acab\u00e0 va respondre a les preguntes que li plantejaren els professors i professores del centre.<\/p>\n<p style=\"text-align: justify;\">J<strong>aume Funes<\/strong> ha dedicat gran part de la seva vida professional als adolescents i joves i a les seves dificultats socials. Entre 2004 i 2007 va ser Adjunt del S\u00edndic de Greuges per a la Defensa dels drets dels infants. \u00c9s autor de diverses obres que reflexionen sobre el m\u00f3n dels adolescents i la responsabilitat educativa dels adults, i \u00e9s tamb\u00e9 autor dels<a href=\"http:\/\/blogs http:\/\/jaumefunesa.blogspot.com.es\"> blogs http:\/\/jaumefunesa.blogspot.com.es<\/a>\/ i <a href=\"http:\/\/jaumefunes.wordpress.com\">http:\/\/jaumefunes.wordpress.com<\/a>\/, dos llocs web molt recomanables, aix\u00ed com els seus llibres sobre aquest tema.<\/p>\n<p>&nbsp;<\/p>\n","protected":false},"excerpt":{"rendered":"<p><a href=\"http:\/\/agora.xtec.cat\/inslasinia\/wp-content\/uploads\/usu512\/2017\/03\/1.png\"><\/a><br \/>\nAhir dia 28 de febrer el psic\u00f2leg, educador i periodista Jaume Funes va fer una sessi\u00f3 formativa a tot el professorat de l&#8217;institut La S\u00ednia, dins el Pla de Formaci\u00f3 de Centre.<br \/>\nEl tema de la xerrada va ser L&#8217;adolesc\u00e8ncia, com ha de ser la&hellip;  <a href=\"https:\/\/agora.xtec.cat\/inslasinia\/general\/jaume-funes-fa-una-sessio-formativa-al-claustre-del-centre\/\" title=\"Read Jaume Funes fa una sessi\u00f3 formativa al claustre del centre\">Llegeix m\u00e9s\u00bb<\/a><\/p>\n","protected":false},"author":6,"featured_media":953,"comment_status":"open","ping_status":"open","sticky":false,"template":"","format":"standard","meta":{"_bbp_topic_count":0,"_bbp_reply_count":0,"_bbp_total_topic_count":0,"_bbp_total_reply_count":0,"_bbp_voice_count":0,"_bbp_anonymous_reply_count":0,"_bbp_topic_count_hidden":0,"_bbp_reply_count_hidden":0,"_bbp_forum_subforum_count":0,"footnotes":""},"categories":[1,29],"tags":[],"class_list":["post-944","post","type-post","status-publish","format-standard","has-post-thumbnail","hentry","category-general","category-portada"],"post_mailing_queue_ids":[],"_links":{"self":[{"href":"https:\/\/agora.xtec.cat\/inslasinia\/wp-json\/wp\/v2\/posts\/944","targetHints":{"allow":["GET"]}}],"collection":[{"href":"https:\/\/agora.xtec.cat\/inslasinia\/wp-json\/wp\/v2\/posts"}],"about":[{"href":"https:\/\/agora.xtec.cat\/inslasinia\/wp-json\/wp\/v2\/types\/post"}],"author":[{"embeddable":true,"href":"https:\/\/agora.xtec.cat\/inslasinia\/wp-json\/wp\/v2\/users\/6"}],"replies":[{"embeddable":true,"href":"https:\/\/agora.xtec.cat\/inslasinia\/wp-json\/wp\/v2\/comments?post=944"}],"version-history":[{"count":4,"href":"https:\/\/agora.xtec.cat\/inslasinia\/wp-json\/wp\/v2\/posts\/944\/revisions"}],"predecessor-version":[{"id":966,"href":"https:\/\/agora.xtec.cat\/inslasinia\/wp-json\/wp\/v2\/posts\/944\/revisions\/966"}],"wp:featuredmedia":[{"embeddable":true,"href":"https:\/\/agora.xtec.cat\/inslasinia\/wp-json\/wp\/v2\/media\/953"}],"wp:attachment":[{"href":"https:\/\/agora.xtec.cat\/inslasinia\/wp-json\/wp\/v2\/media?parent=944"}],"wp:term":[{"taxonomy":"category","embeddable":true,"href":"https:\/\/agora.xtec.cat\/inslasinia\/wp-json\/wp\/v2\/categories?post=944"},{"taxonomy":"post_tag","embeddable":true,"href":"https:\/\/agora.xtec.cat\/inslasinia\/wp-json\/wp\/v2\/tags?post=944"}],"curies":[{"name":"wp","href":"https:\/\/api.w.org\/{rel}","templated":true}]}}