{"id":745,"date":"2016-11-09T20:07:48","date_gmt":"2016-11-09T19:07:48","guid":{"rendered":"http:\/\/agora.xtec.cat\/inslasinia\/?p=745"},"modified":"2016-11-09T23:53:31","modified_gmt":"2016-11-09T22:53:31","slug":"els-alumnes-de-2n-deso-visiten-rap-107","status":"publish","type":"post","link":"https:\/\/agora.xtec.cat\/inslasinia\/general\/els-alumnes-de-2n-deso-visiten-rap-107\/","title":{"rendered":"Els alumnes de 2n d&#8217;ESO visiten RAP 107"},"content":{"rendered":"<p><a href=\"http:\/\/agora.xtec.cat\/inslasinia\/wp-content\/uploads\/usu512\/2016\/11\/20161109_100529.jpg\"><img loading=\"lazy\" decoding=\"async\" class=\"alignnone size-large wp-image-746\" src=\"http:\/\/agora.xtec.cat\/inslasinia\/wp-content\/uploads\/usu512\/2016\/11\/20161109_100529-1024x576.jpg\" alt=\"20161109_100529\" width=\"1024\" height=\"576\" srcset=\"https:\/\/agora.xtec.cat\/inslasinia\/wp-content\/uploads\/usu512\/2016\/11\/20161109_100529-1024x576.jpg 1024w, https:\/\/agora.xtec.cat\/inslasinia\/wp-content\/uploads\/usu512\/2016\/11\/20161109_100529-300x169.jpg 300w, https:\/\/agora.xtec.cat\/inslasinia\/wp-content\/uploads\/usu512\/2016\/11\/20161109_100529-768x432.jpg 768w, https:\/\/agora.xtec.cat\/inslasinia\/wp-content\/uploads\/usu512\/2016\/11\/20161109_100529.jpg 2048w\" sizes=\"auto, (max-width: 1024px) 100vw, 1024px\" \/><\/a>Els alumnes de 2n d&#8217;ESO han visitat l&#8217;estudi de R\u00e0dio RAP107. Es tracta d&#8217;una activitat programada dins el projecte <em>Escolta per dir la teva!<\/em> que treballa el tema del mitj\u00e0 radiof\u00f2nic. Han pogut tastar com \u00e9s fer de locutors d&#8217;un programa en viu i tamb\u00e9 qu\u00e8 passa a la zona del t\u00e8cnic de so. Una experi\u00e8ncia molt interessant que segur que els ajudar\u00e0 a entendre millor el m\u00f3n dels mitjans audiovisuals i servir\u00e0 de motivaci\u00f3 per continuar amb la PLG (projecte ling\u00fc\u00edstic globalitzat) de r\u00e0dio.<\/p>\n<p>Aqu\u00ed teniu les fotos: <a href=\"https:\/\/goo.gl\/photos\/zJ2kZJSxvAznDYTn6\">https:\/\/goo.gl\/photos\/zJ2kZJSxvAznDYTn6<\/a><\/p>\n<p>&nbsp;<\/p>\n","protected":false},"excerpt":{"rendered":"<p><a href=\"http:\/\/agora.xtec.cat\/inslasinia\/wp-content\/uploads\/usu512\/2016\/11\/20161109_100529.jpg\"><\/a>Els alumnes de 2n d&#8217;ESO han visitat l&#8217;estudi de R\u00e0dio RAP107. Es tracta d&#8217;una activitat programada dins el projecte Escolta per dir la teva! que treballa el tema del mitj\u00e0 radiof\u00f2nic. Han pogut tastar com \u00e9s fer de locutors d&#8217;un programa en viu i&hellip;  <a href=\"https:\/\/agora.xtec.cat\/inslasinia\/general\/els-alumnes-de-2n-deso-visiten-rap-107\/\" title=\"Read Els alumnes de 2n d&#8217;ESO visiten RAP 107\">Llegeix m\u00e9s\u00bb<\/a><\/p>\n","protected":false},"author":13,"featured_media":746,"comment_status":"open","ping_status":"open","sticky":false,"template":"","format":"standard","meta":{"_bbp_topic_count":0,"_bbp_reply_count":0,"_bbp_total_topic_count":0,"_bbp_total_reply_count":0,"_bbp_voice_count":0,"_bbp_anonymous_reply_count":0,"_bbp_topic_count_hidden":0,"_bbp_reply_count_hidden":0,"_bbp_forum_subforum_count":0,"footnotes":""},"categories":[5,1,29,63,81],"tags":[],"class_list":["post-745","post","type-post","status-publish","format-standard","has-post-thumbnail","hentry","category-eso-2","category-general","category-portada","category-pti","category-sortides"],"post_mailing_queue_ids":[],"_links":{"self":[{"href":"https:\/\/agora.xtec.cat\/inslasinia\/wp-json\/wp\/v2\/posts\/745","targetHints":{"allow":["GET"]}}],"collection":[{"href":"https:\/\/agora.xtec.cat\/inslasinia\/wp-json\/wp\/v2\/posts"}],"about":[{"href":"https:\/\/agora.xtec.cat\/inslasinia\/wp-json\/wp\/v2\/types\/post"}],"author":[{"embeddable":true,"href":"https:\/\/agora.xtec.cat\/inslasinia\/wp-json\/wp\/v2\/users\/13"}],"replies":[{"embeddable":true,"href":"https:\/\/agora.xtec.cat\/inslasinia\/wp-json\/wp\/v2\/comments?post=745"}],"version-history":[{"count":1,"href":"https:\/\/agora.xtec.cat\/inslasinia\/wp-json\/wp\/v2\/posts\/745\/revisions"}],"predecessor-version":[{"id":747,"href":"https:\/\/agora.xtec.cat\/inslasinia\/wp-json\/wp\/v2\/posts\/745\/revisions\/747"}],"wp:featuredmedia":[{"embeddable":true,"href":"https:\/\/agora.xtec.cat\/inslasinia\/wp-json\/wp\/v2\/media\/746"}],"wp:attachment":[{"href":"https:\/\/agora.xtec.cat\/inslasinia\/wp-json\/wp\/v2\/media?parent=745"}],"wp:term":[{"taxonomy":"category","embeddable":true,"href":"https:\/\/agora.xtec.cat\/inslasinia\/wp-json\/wp\/v2\/categories?post=745"},{"taxonomy":"post_tag","embeddable":true,"href":"https:\/\/agora.xtec.cat\/inslasinia\/wp-json\/wp\/v2\/tags?post=745"}],"curies":[{"name":"wp","href":"https:\/\/api.w.org\/{rel}","templated":true}]}}