{"id":730,"date":"2016-10-09T19:23:30","date_gmt":"2016-10-09T18:23:30","guid":{"rendered":"http:\/\/agora.xtec.cat\/inslasinia\/?p=730"},"modified":"2016-10-09T19:23:30","modified_gmt":"2016-10-09T18:23:30","slug":"sortida-a-sant-miquel-del-fai","status":"publish","type":"post","link":"https:\/\/agora.xtec.cat\/inslasinia\/eso-1\/sortida-a-sant-miquel-del-fai\/","title":{"rendered":"Sortida a Sant Miquel del Fai"},"content":{"rendered":"<p>El passsat 28 de Setembre, els i les nostres estudiants de 1r d&#8217;ESO van anar de sortida a Sant Miquel del Fai.<\/p>\n<p>L&#8217;autob\u00fas va deixar els estudiants a la poblaci\u00f3 de Bigues, des d&#8217;on vam iniciar la pujada a l&#8217;antic monestir. Pel cam\u00ed, havien d&#8217;anar fent diverses proves per tal de localitzar elements de la flora i del paisatge que havien estudiat a l&#8217;\u00e0mbit de naturals.<\/p>\n<p>Una vegada arribats i esmorzats, vam visitar l&#8217;indret admirant la seva arquitectura rom\u00e0nica i els seus accidents geol\u00f2gics \u00fanics al m\u00f3n. Finalment, vam poder fer una mica d&#8217;espele\u00f2legs.<\/p>\n<p>Us deixem un reportatge gr\u00e0fic per si us interessa.<\/p>\n<p><iframe loading=\"lazy\" id=\"vp1o8NhQ\" title=\"Video Player\" src=\"https:\/\/s3.amazonaws.com\/embed.animoto.com\/play.html?w=swf\/production\/vp1&amp;e=1476036645&amp;f=o8NhQHhGvG7o80UjlKIRHg&amp;d=0&amp;m=a&amp;r=360p&amp;volume=100&amp;start_res=360p&amp;i=m&amp;asset_domain=s3-p.animoto.com&amp;animoto_domain=animoto.com&amp;options=\" width=\"432\" height=\"243\" frameborder=\"0\" allowfullscreen=\"allowfullscreen\"><\/iframe><\/p>\n","protected":false},"excerpt":{"rendered":"<p>El passsat 28 de Setembre, els i les nostres estudiants de 1r d&#8217;ESO van anar de sortida a Sant Miquel del Fai.<br \/>\nL&#8217;autob\u00fas va deixar els estudiants a la poblaci\u00f3 de Bigues, des d&#8217;on vam iniciar la pujada a l&#8217;antic monestir. Pel cam\u00ed, havien d&#8217;anar fent&hellip;  <a href=\"https:\/\/agora.xtec.cat\/inslasinia\/eso-1\/sortida-a-sant-miquel-del-fai\/\" title=\"Read Sortida a Sant Miquel del Fai\">Llegeix m\u00e9s\u00bb<\/a><\/p>\n","protected":false},"author":3,"featured_media":731,"comment_status":"open","ping_status":"open","sticky":false,"template":"","format":"standard","meta":{"_bbp_topic_count":0,"_bbp_reply_count":0,"_bbp_total_topic_count":0,"_bbp_total_reply_count":0,"_bbp_voice_count":0,"_bbp_anonymous_reply_count":0,"_bbp_topic_count_hidden":0,"_bbp_reply_count_hidden":0,"_bbp_forum_subforum_count":0,"footnotes":""},"categories":[4,29,81],"tags":[],"class_list":["post-730","post","type-post","status-publish","format-standard","has-post-thumbnail","hentry","category-eso-1","category-portada","category-sortides"],"post_mailing_queue_ids":[],"_links":{"self":[{"href":"https:\/\/agora.xtec.cat\/inslasinia\/wp-json\/wp\/v2\/posts\/730","targetHints":{"allow":["GET"]}}],"collection":[{"href":"https:\/\/agora.xtec.cat\/inslasinia\/wp-json\/wp\/v2\/posts"}],"about":[{"href":"https:\/\/agora.xtec.cat\/inslasinia\/wp-json\/wp\/v2\/types\/post"}],"author":[{"embeddable":true,"href":"https:\/\/agora.xtec.cat\/inslasinia\/wp-json\/wp\/v2\/users\/3"}],"replies":[{"embeddable":true,"href":"https:\/\/agora.xtec.cat\/inslasinia\/wp-json\/wp\/v2\/comments?post=730"}],"version-history":[{"count":1,"href":"https:\/\/agora.xtec.cat\/inslasinia\/wp-json\/wp\/v2\/posts\/730\/revisions"}],"predecessor-version":[{"id":732,"href":"https:\/\/agora.xtec.cat\/inslasinia\/wp-json\/wp\/v2\/posts\/730\/revisions\/732"}],"wp:featuredmedia":[{"embeddable":true,"href":"https:\/\/agora.xtec.cat\/inslasinia\/wp-json\/wp\/v2\/media\/731"}],"wp:attachment":[{"href":"https:\/\/agora.xtec.cat\/inslasinia\/wp-json\/wp\/v2\/media?parent=730"}],"wp:term":[{"taxonomy":"category","embeddable":true,"href":"https:\/\/agora.xtec.cat\/inslasinia\/wp-json\/wp\/v2\/categories?post=730"},{"taxonomy":"post_tag","embeddable":true,"href":"https:\/\/agora.xtec.cat\/inslasinia\/wp-json\/wp\/v2\/tags?post=730"}],"curies":[{"name":"wp","href":"https:\/\/api.w.org\/{rel}","templated":true}]}}