{"id":7062,"date":"2026-02-27T17:45:44","date_gmt":"2026-02-27T16:45:44","guid":{"rendered":"https:\/\/agora.xtec.cat\/inslasinia\/?p=7062"},"modified":"2026-02-27T17:45:44","modified_gmt":"2026-02-27T16:45:44","slug":"xerrada-postobligatoria-families-de-3r-i-4t","status":"publish","type":"post","link":"https:\/\/agora.xtec.cat\/inslasinia\/portada\/xerrada-postobligatoria-families-de-3r-i-4t\/","title":{"rendered":"Xerrada Postobligat\u00f2ria Fam\u00edlies de 3r i 4t"},"content":{"rendered":"<p data-start=\"0\" data-end=\"167\">El nostre centre va acollir aquesta setmana una xerrada informativa adre\u00e7ada a les fam\u00edlies de l\u2019alumnat d\u2019ESO sobre les diferents opcions formatives postobligat\u00f2ries a c\u00e0rrec de la Raquel D\u00edez, orientadora del centre.<\/p>\n<p data-start=\"169\" data-end=\"604\">Durant la sessi\u00f3, es van presentar amb detall els itineraris acad\u00e8mics i professionals que s\u2019obren un cop finalitzada l\u2019etapa obligat\u00f2ria, com ara el Batxillerat en les seves diverses modalitats, els cicles formatius de grau mitj\u00e0 i altres itineraris de formaci\u00f3 i inserci\u00f3. L\u2019objectiu de la trobada va ser oferir informaci\u00f3 clara i actualitzada per facilitar la presa de decisions en una etapa clau del recorregut educatiu dels joves.<\/p>\n<p data-start=\"606\" data-end=\"800\">La xerrada va comptar amb una participaci\u00f3 molt nombrosa de fam\u00edlies, que van omplir l\u2019espai i van poder intervenir amb preguntes i aportacions, generant un di\u00e0leg enriquidor i constructiu.<\/p>\n<p data-start=\"802\" data-end=\"1042\" data-is-last-node=\"\" data-is-only-node=\"\">Des del centre volem agrair sincerament l\u2019inter\u00e8s i la implicaci\u00f3 de totes les fam\u00edlies assistents. La seva participaci\u00f3 reafirma la import\u00e0ncia del treball conjunt entre escola i fam\u00edlia en l\u2019acompanyament acad\u00e8mic i personal de l\u2019alumnat.<\/p>\n<p data-start=\"802\" data-end=\"1042\" data-is-last-node=\"\" data-is-only-node=\"\">Us deixem enlla\u00e7at el <a href=\"https:\/\/sites.google.com\/inslasinia.cat\/orientaci-post-obligatria\/qu%C3%A8-escullo?authuser=0\" target=\"_blank\" rel=\"noopener\">site<\/a> on hi trobareu tota la informaci\u00f3 que es va anar donant a la xerrada.<\/p>\n<p data-start=\"802\" data-end=\"1042\" data-is-last-node=\"\" data-is-only-node=\"\">\r\n\t<div class=\"slideshow_container slideshow_container_style-light\" style=\"height: 500px; \" data-slideshow-id=\"7058\" data-style-name=\"style-light\" data-style-version=\"2.3.1\" >\r\n\r\n\t\t\t\t\t<div class=\"slideshow_loading_icon\"><\/div>\r\n\t\t\r\n\t\t<div class=\"slideshow_content\" style=\"display: none;\">\r\n\r\n\t\t\t<div class=\"slideshow_view\">\r\n\t\t\t\t<div class=\"slideshow_slide slideshow_slide_image\">\r\n\t\t\t\t\t\t\t\t\t\t\t<img src=\"https:\/\/agora.xtec.cat\/inslasinia\/wp-content\/uploads\/usu512\/2026\/02\/WhatsApp-Image-2026-02-26-at-13.29.46.jpeg\" alt=\"WhatsApp Image 2026-02-26 at 13.29.46\" width=\"1600\" height=\"1204\" \/>\r\n\t\t\t\t\t\t\t\t\t\t<div class=\"slideshow_description_box slideshow_transparent\">\r\n\t\t\t\t\t\t<div class=\"slideshow_title\">WhatsApp Image 2026-02-26 at 13.29.46<\/div>\t\t\t\t\t\t\t\t\t\t\t<\/div>\r\n\t\t\t\t<\/div>\r\n\r\n\t\t\t\t\t\t<div style=\"clear: both;\"><\/div><\/div><div class=\"slideshow_view\">\r\n\t\t\t\t<div class=\"slideshow_slide slideshow_slide_image\">\r\n\t\t\t\t\t\t\t\t\t\t\t<img src=\"https:\/\/agora.xtec.cat\/inslasinia\/wp-content\/uploads\/usu512\/2026\/02\/WhatsApp-Image-2026-02-26-at-13.29.46-2.jpeg\" alt=\"WhatsApp Image 2026-02-26 at 13.29.46 (2)\" width=\"1600\" height=\"1204\" \/>\r\n\t\t\t\t\t\t\t\t\t\t<div class=\"slideshow_description_box slideshow_transparent\">\r\n\t\t\t\t\t\t<div class=\"slideshow_title\">WhatsApp Image 2026-02-26 at 13.29.46 (2)<\/div>\t\t\t\t\t\t\t\t\t\t\t<\/div>\r\n\t\t\t\t<\/div>\r\n\r\n\t\t\t\t\t\t<div style=\"clear: both;\"><\/div><\/div><div class=\"slideshow_view\">\r\n\t\t\t\t<div class=\"slideshow_slide slideshow_slide_image\">\r\n\t\t\t\t\t\t\t\t\t\t\t<img src=\"https:\/\/agora.xtec.cat\/inslasinia\/wp-content\/uploads\/usu512\/2026\/02\/WhatsApp-Image-2026-02-26-at-13.29.46-1.jpeg\" alt=\"WhatsApp Image 2026-02-26 at 13.29.46 (1)\" width=\"1600\" height=\"1204\" \/>\r\n\t\t\t\t\t\t\t\t\t\t<div class=\"slideshow_description_box slideshow_transparent\">\r\n\t\t\t\t\t\t<div class=\"slideshow_title\">WhatsApp Image 2026-02-26 at 13.29.46 (1)<\/div>\t\t\t\t\t\t\t\t\t\t\t<\/div>\r\n\t\t\t\t<\/div>\r\n\r\n\t\t\t\t\t\t<div style=\"clear: both;\"><\/div><\/div><div class=\"slideshow_view\">\r\n\t<div class=\"slideshow_slide slideshow_slide_text\" style=\"background-color: #FFFFFF;\">\r\n\t\t\r\n\t\t\r\n\t\t<a  class=\"slideshow_background_anchor\"><\/a>\r\n\t<\/div>\r\n<div style=\"clear: both;\"><\/div><\/div>\r\n\t\t<\/div>\r\n\r\n\t\t<div class=\"slideshow_controlPanel slideshow_transparent\" style=\"display: none;\"><ul><li class=\"slideshow_togglePlay\" data-play-text=\"Visualitza\" data-pause-text=\"Pausa\"><\/li><\/ul><\/div>\r\n\r\n\t\t<div class=\"slideshow_button slideshow_previous slideshow_transparent\" role=\"button\" data-previous-text=\"Anterior\" style=\"display: none;\"><\/div>\r\n\t\t<div class=\"slideshow_button slideshow_next slideshow_transparent\" role=\"button\" data-next-text=\"Seg\u00fcent\" style=\"display: none;\"><\/div>\r\n\r\n\t\t<div class=\"slideshow_pagination\" style=\"display: none;\" data-go-to-text=\"V\u00e9s a la diapositiva\"><div class=\"slideshow_pagination_center\"><\/div><\/div>\r\n\r\n\t\t<!-- WordPress Slideshow Version 2.3.1 -->\r\n\r\n\t\t\t<\/div>\r\n\r\n<\/p>\n","protected":false},"excerpt":{"rendered":"<p>El nostre centre va acollir aquesta setmana una xerrada informativa adre\u00e7ada a les fam\u00edlies de l\u2019alumnat d\u2019ESO sobre les diferents opcions formatives postobligat\u00f2ries a c\u00e0rrec de la Raquel D\u00edez, orientadora del centre.<br \/>\nDurant la sessi\u00f3, es van presentar amb detall els itineraris acad\u00e8mics i professionals que&hellip;  <a href=\"https:\/\/agora.xtec.cat\/inslasinia\/portada\/xerrada-postobligatoria-families-de-3r-i-4t\/\" title=\"Read Xerrada Postobligat\u00f2ria Fam\u00edlies de 3r i 4t\">Llegeix m\u00e9s\u00bb<\/a><\/p>\n","protected":false},"author":10,"featured_media":7060,"comment_status":"open","ping_status":"open","sticky":false,"template":"","format":"standard","meta":{"_bbp_topic_count":0,"_bbp_reply_count":0,"_bbp_total_topic_count":0,"_bbp_total_reply_count":0,"_bbp_voice_count":0,"_bbp_anonymous_reply_count":0,"_bbp_topic_count_hidden":0,"_bbp_reply_count_hidden":0,"_bbp_forum_subforum_count":0,"footnotes":""},"categories":[90,29],"tags":[],"class_list":["post-7062","post","type-post","status-publish","format-standard","has-post-thumbnail","hentry","category-families","category-portada"],"post_mailing_queue_ids":[],"_links":{"self":[{"href":"https:\/\/agora.xtec.cat\/inslasinia\/wp-json\/wp\/v2\/posts\/7062","targetHints":{"allow":["GET"]}}],"collection":[{"href":"https:\/\/agora.xtec.cat\/inslasinia\/wp-json\/wp\/v2\/posts"}],"about":[{"href":"https:\/\/agora.xtec.cat\/inslasinia\/wp-json\/wp\/v2\/types\/post"}],"author":[{"embeddable":true,"href":"https:\/\/agora.xtec.cat\/inslasinia\/wp-json\/wp\/v2\/users\/10"}],"replies":[{"embeddable":true,"href":"https:\/\/agora.xtec.cat\/inslasinia\/wp-json\/wp\/v2\/comments?post=7062"}],"version-history":[{"count":1,"href":"https:\/\/agora.xtec.cat\/inslasinia\/wp-json\/wp\/v2\/posts\/7062\/revisions"}],"predecessor-version":[{"id":7063,"href":"https:\/\/agora.xtec.cat\/inslasinia\/wp-json\/wp\/v2\/posts\/7062\/revisions\/7063"}],"wp:featuredmedia":[{"embeddable":true,"href":"https:\/\/agora.xtec.cat\/inslasinia\/wp-json\/wp\/v2\/media\/7060"}],"wp:attachment":[{"href":"https:\/\/agora.xtec.cat\/inslasinia\/wp-json\/wp\/v2\/media?parent=7062"}],"wp:term":[{"taxonomy":"category","embeddable":true,"href":"https:\/\/agora.xtec.cat\/inslasinia\/wp-json\/wp\/v2\/categories?post=7062"},{"taxonomy":"post_tag","embeddable":true,"href":"https:\/\/agora.xtec.cat\/inslasinia\/wp-json\/wp\/v2\/tags?post=7062"}],"curies":[{"name":"wp","href":"https:\/\/api.w.org\/{rel}","templated":true}]}}