{"id":6858,"date":"2025-02-23T22:20:49","date_gmt":"2025-02-23T21:20:49","guid":{"rendered":"https:\/\/agora.xtec.cat\/inslasinia\/?p=6858"},"modified":"2025-02-23T22:20:49","modified_gmt":"2025-02-23T21:20:49","slug":"assistim-a-la-jornada-de-reflexio-forum-nexes","status":"publish","type":"post","link":"https:\/\/agora.xtec.cat\/inslasinia\/portada\/assistim-a-la-jornada-de-reflexio-forum-nexes\/","title":{"rendered":"Assistim a la jornada de reflexi\u00f3 F\u00f2rum Nexes"},"content":{"rendered":"<p>Equips directius d\u2019escoles i instituts i empreses del sector educatiu de Catalunya s\u2019han donat cita al F\u00f2rum Nexes, una jornada per debatre i compartir experi\u00e8ncies sobre la transformaci\u00f3 educativa en un moment de profunds canvis i desafiaments en l\u2019aprenentatge. La jornada va comptar amb intervencions de referents de l\u2019Educaci\u00f3, com\u00a0<b>Jordi Musons<\/b>, director de l\u2019escola Sadako de Barcelona;\u00a0<b>Coral Reg\u00ed<\/b>, bi\u00f2loga i educadora, o\u00a0<b>Laura Morera<\/b>, doctora en Did\u00e0ctica de les Matem\u00e0tiques i responsable did\u00e0ctica d\u2019Innovamat. F\u00f2rum Nexes va iniciar amb la motivadora intervenci\u00f3 a c\u00e0rrec d\u2019<b>\u00c0lex Roca<\/b>, atleta i orador, sobre el sentit de la vida. Roca va remarcar\u00a0 la import\u00e0ncia dels professors per ajudar els alumnes a superar reptes i aconseguir els seus somnis. \u201cDurant la inf\u00e0ncia i l\u2019adolesc\u00e8ncia,\u00a0<b>passem m\u00e9s hores amb els professors i les professores que amb la fam\u00edlia i amics<\/b>\u201c.<\/p>\n<p>Us en deixem l&#8217;<a href=\"https:\/\/blog.innovamat.com\/forum-nexes-reptes-oportunitats-educacio\/\" target=\"_blank\" rel=\"noopener\">enlla\u00e7 de la not\u00edcia<\/a> per con\u00e8ixer-ne els detalls aix\u00ed com la xerrada: &#8220;Aprendre a viure en la incertesa: nous prop\u00f2sits educatius&#8221; de Jordi Musons.<\/p>\n<p style=\"text-align: center;\"><iframe loading=\"lazy\" src=\"\/\/www.youtube.com\/embed\/2zI2MLxMp7A?si=nEiil6NZKfUCh1Gh\" width=\"560\" height=\"314\" allowfullscreen=\"allowfullscreen\"><\/iframe><\/p>\n<p style=\"text-align: center;\">\r\n\t<div class=\"slideshow_container slideshow_container_style-light\" style=\"height: 500px; \" data-slideshow-id=\"6849\" data-style-name=\"style-light\" data-style-version=\"2.3.1\" >\r\n\r\n\t\t\t\t\t<div class=\"slideshow_loading_icon\"><\/div>\r\n\t\t\r\n\t\t<div class=\"slideshow_content\" style=\"display: none;\">\r\n\r\n\t\t\t<div class=\"slideshow_view\">\r\n\t\t\t\t<div class=\"slideshow_slide slideshow_slide_image\">\r\n\t\t\t\t\t\t\t\t\t\t\t<img src=\"https:\/\/agora.xtec.cat\/inslasinia\/wp-content\/uploads\/usu512\/2025\/02\/IMG_1017.jpeg\" alt=\"IMG_1017\" width=\"2048\" height=\"1536\" \/>\r\n\t\t\t\t\t\t\t\t\t\t<div class=\"slideshow_description_box slideshow_transparent\">\r\n\t\t\t\t\t\t<div class=\"slideshow_title\">IMG_1017<\/div>\t\t\t\t\t\t\t\t\t\t\t<\/div>\r\n\t\t\t\t<\/div>\r\n\r\n\t\t\t\t\t\t<div style=\"clear: both;\"><\/div><\/div><div class=\"slideshow_view\">\r\n\t\t\t\t<div class=\"slideshow_slide slideshow_slide_image\">\r\n\t\t\t\t\t\t\t\t\t\t\t<img src=\"https:\/\/agora.xtec.cat\/inslasinia\/wp-content\/uploads\/usu512\/2025\/02\/IMG_1013.jpeg\" alt=\"IMG_1013\" width=\"2048\" height=\"1536\" \/>\r\n\t\t\t\t\t\t\t\t\t\t<div class=\"slideshow_description_box slideshow_transparent\">\r\n\t\t\t\t\t\t<div class=\"slideshow_title\">IMG_1013<\/div>\t\t\t\t\t\t\t\t\t\t\t<\/div>\r\n\t\t\t\t<\/div>\r\n\r\n\t\t\t\t\t\t<div style=\"clear: both;\"><\/div><\/div><div class=\"slideshow_view\">\r\n\t\t\t\t<div class=\"slideshow_slide slideshow_slide_image\">\r\n\t\t\t\t\t\t\t\t\t\t\t<img src=\"https:\/\/agora.xtec.cat\/inslasinia\/wp-content\/uploads\/usu512\/2025\/02\/IMG_1012.jpeg\" alt=\"IMG_1012\" width=\"2048\" height=\"1536\" \/>\r\n\t\t\t\t\t\t\t\t\t\t<div class=\"slideshow_description_box slideshow_transparent\">\r\n\t\t\t\t\t\t<div class=\"slideshow_title\">IMG_1012<\/div>\t\t\t\t\t\t\t\t\t\t\t<\/div>\r\n\t\t\t\t<\/div>\r\n\r\n\t\t\t\t\t\t<div style=\"clear: both;\"><\/div><\/div><div class=\"slideshow_view\">\r\n\t\t\t\t<div class=\"slideshow_slide slideshow_slide_image\">\r\n\t\t\t\t\t\t\t\t\t\t\t<img src=\"https:\/\/agora.xtec.cat\/inslasinia\/wp-content\/uploads\/usu512\/2025\/02\/IMG_1011.jpeg\" alt=\"IMG_1011\" width=\"2048\" height=\"1536\" \/>\r\n\t\t\t\t\t\t\t\t\t\t<div class=\"slideshow_description_box slideshow_transparent\">\r\n\t\t\t\t\t\t<div class=\"slideshow_title\">IMG_1011<\/div>\t\t\t\t\t\t\t\t\t\t\t<\/div>\r\n\t\t\t\t<\/div>\r\n\r\n\t\t\t\t\t\t<div style=\"clear: both;\"><\/div><\/div><div class=\"slideshow_view\">\r\n\t\t\t\t<div class=\"slideshow_slide slideshow_slide_image\">\r\n\t\t\t\t\t\t\t\t\t\t\t<img src=\"https:\/\/agora.xtec.cat\/inslasinia\/wp-content\/uploads\/usu512\/2025\/02\/IMG_1010.jpeg\" alt=\"IMG_1010\" width=\"2048\" height=\"1536\" \/>\r\n\t\t\t\t\t\t\t\t\t\t<div class=\"slideshow_description_box slideshow_transparent\">\r\n\t\t\t\t\t\t<div class=\"slideshow_title\">IMG_1010<\/div>\t\t\t\t\t\t\t\t\t\t\t<\/div>\r\n\t\t\t\t<\/div>\r\n\r\n\t\t\t\t\t\t<div style=\"clear: both;\"><\/div><\/div><div class=\"slideshow_view\">\r\n\t\t\t\t<div class=\"slideshow_slide slideshow_slide_image\">\r\n\t\t\t\t\t\t\t\t\t\t\t<img src=\"https:\/\/agora.xtec.cat\/inslasinia\/wp-content\/uploads\/usu512\/2025\/02\/IMG_1009.jpeg\" alt=\"IMG_1009\" width=\"2048\" height=\"1536\" \/>\r\n\t\t\t\t\t\t\t\t\t\t<div class=\"slideshow_description_box slideshow_transparent\">\r\n\t\t\t\t\t\t<div class=\"slideshow_title\">IMG_1009<\/div>\t\t\t\t\t\t\t\t\t\t\t<\/div>\r\n\t\t\t\t<\/div>\r\n\r\n\t\t\t\t\t\t<div style=\"clear: both;\"><\/div><\/div><div class=\"slideshow_view\">\r\n\t\t\t\t<div class=\"slideshow_slide slideshow_slide_image\">\r\n\t\t\t\t\t\t\t\t\t\t\t<img src=\"https:\/\/agora.xtec.cat\/inslasinia\/wp-content\/uploads\/usu512\/2025\/02\/IMG_1008.jpeg\" alt=\"IMG_1008\" width=\"2048\" height=\"1536\" \/>\r\n\t\t\t\t\t\t\t\t\t\t<div class=\"slideshow_description_box slideshow_transparent\">\r\n\t\t\t\t\t\t<div class=\"slideshow_title\">IMG_1008<\/div>\t\t\t\t\t\t\t\t\t\t\t<\/div>\r\n\t\t\t\t<\/div>\r\n\r\n\t\t\t\t\t\t<div style=\"clear: both;\"><\/div><\/div><div class=\"slideshow_view\">\r\n\t\t\t\t<div class=\"slideshow_slide slideshow_slide_image\">\r\n\t\t\t\t\t\t\t\t\t\t\t<img src=\"https:\/\/agora.xtec.cat\/inslasinia\/wp-content\/uploads\/usu512\/2025\/02\/87d5c225-93ea-46f0-9dc9-9ba824d126f7.jpg\" alt=\"87d5c225-93ea-46f0-9dc9-9ba824d126f7\" width=\"1417\" height=\"951\" \/>\r\n\t\t\t\t\t\t\t\t\t\t<div class=\"slideshow_description_box slideshow_transparent\">\r\n\t\t\t\t\t\t<div class=\"slideshow_title\">87d5c225-93ea-46f0-9dc9-9ba824d126f7<\/div>\t\t\t\t\t\t\t\t\t\t\t<\/div>\r\n\t\t\t\t<\/div>\r\n\r\n\t\t\t\t\t\t<div style=\"clear: both;\"><\/div><\/div>\r\n\t\t<\/div>\r\n\r\n\t\t<div class=\"slideshow_controlPanel slideshow_transparent\" style=\"display: none;\"><ul><li class=\"slideshow_togglePlay\" data-play-text=\"Visualitza\" data-pause-text=\"Pausa\"><\/li><\/ul><\/div>\r\n\r\n\t\t<div class=\"slideshow_button slideshow_previous slideshow_transparent\" role=\"button\" data-previous-text=\"Anterior\" style=\"display: none;\"><\/div>\r\n\t\t<div class=\"slideshow_button slideshow_next slideshow_transparent\" role=\"button\" data-next-text=\"Seg\u00fcent\" style=\"display: none;\"><\/div>\r\n\r\n\t\t<div class=\"slideshow_pagination\" style=\"display: none;\" data-go-to-text=\"V\u00e9s a la diapositiva\"><div class=\"slideshow_pagination_center\"><\/div><\/div>\r\n\r\n\t\t<!-- WordPress Slideshow Version 2.3.1 -->\r\n\r\n\t\t\t<\/div>\r\n\r\n<\/p>\n","protected":false},"excerpt":{"rendered":"<p>Equips directius d\u2019escoles i instituts i empreses del sector educatiu de Catalunya s\u2019han donat cita al F\u00f2rum Nexes, una jornada per debatre i compartir experi\u00e8ncies sobre la transformaci\u00f3 educativa en un moment de profunds canvis i desafiaments en l\u2019aprenentatge. La jornada va comptar amb intervencions&hellip;  <a href=\"https:\/\/agora.xtec.cat\/inslasinia\/portada\/assistim-a-la-jornada-de-reflexio-forum-nexes\/\" title=\"Read Assistim a la jornada de reflexi\u00f3 F\u00f2rum Nexes\">Llegeix m\u00e9s\u00bb<\/a><\/p>\n","protected":false},"author":10,"featured_media":6851,"comment_status":"open","ping_status":"closed","sticky":false,"template":"","format":"standard","meta":{"_bbp_topic_count":0,"_bbp_reply_count":0,"_bbp_total_topic_count":0,"_bbp_total_reply_count":0,"_bbp_voice_count":0,"_bbp_anonymous_reply_count":0,"_bbp_topic_count_hidden":0,"_bbp_reply_count_hidden":0,"_bbp_forum_subforum_count":0,"footnotes":""},"categories":[29],"tags":[],"class_list":["post-6858","post","type-post","status-publish","format-standard","has-post-thumbnail","hentry","category-portada"],"post_mailing_queue_ids":[],"_links":{"self":[{"href":"https:\/\/agora.xtec.cat\/inslasinia\/wp-json\/wp\/v2\/posts\/6858","targetHints":{"allow":["GET"]}}],"collection":[{"href":"https:\/\/agora.xtec.cat\/inslasinia\/wp-json\/wp\/v2\/posts"}],"about":[{"href":"https:\/\/agora.xtec.cat\/inslasinia\/wp-json\/wp\/v2\/types\/post"}],"author":[{"embeddable":true,"href":"https:\/\/agora.xtec.cat\/inslasinia\/wp-json\/wp\/v2\/users\/10"}],"replies":[{"embeddable":true,"href":"https:\/\/agora.xtec.cat\/inslasinia\/wp-json\/wp\/v2\/comments?post=6858"}],"version-history":[{"count":1,"href":"https:\/\/agora.xtec.cat\/inslasinia\/wp-json\/wp\/v2\/posts\/6858\/revisions"}],"predecessor-version":[{"id":6859,"href":"https:\/\/agora.xtec.cat\/inslasinia\/wp-json\/wp\/v2\/posts\/6858\/revisions\/6859"}],"wp:featuredmedia":[{"embeddable":true,"href":"https:\/\/agora.xtec.cat\/inslasinia\/wp-json\/wp\/v2\/media\/6851"}],"wp:attachment":[{"href":"https:\/\/agora.xtec.cat\/inslasinia\/wp-json\/wp\/v2\/media?parent=6858"}],"wp:term":[{"taxonomy":"category","embeddable":true,"href":"https:\/\/agora.xtec.cat\/inslasinia\/wp-json\/wp\/v2\/categories?post=6858"},{"taxonomy":"post_tag","embeddable":true,"href":"https:\/\/agora.xtec.cat\/inslasinia\/wp-json\/wp\/v2\/tags?post=6858"}],"curies":[{"name":"wp","href":"https:\/\/api.w.org\/{rel}","templated":true}]}}