{"id":6668,"date":"2024-11-28T09:50:24","date_gmt":"2024-11-28T08:50:24","guid":{"rendered":"https:\/\/agora.xtec.cat\/inslasinia\/?p=6668"},"modified":"2024-11-28T09:50:24","modified_gmt":"2024-11-28T08:50:24","slug":"obra-de-teatre-elles-un-acte-mes-del-25n","status":"publish","type":"post","link":"https:\/\/agora.xtec.cat\/inslasinia\/general\/obra-de-teatre-elles-un-acte-mes-del-25n\/","title":{"rendered":"Obra de teatre &#8220;Elles&#8221;. Un acte m\u00e9s del 25N"},"content":{"rendered":"<p>Els nois i noies de 2n i 3r d&#8217;ESO han anat al teatre de Can Rajoler a veure l&#8217;obra &#8220;<em>Elles<\/em>&#8221; de la companyia La Melanc\u00f2mica. <em>Elles<\/em> \u00e9s una pe\u00e7a d\u2019humor sat\u00edric que fa un bon rep\u00e0s als clix\u00e9s de g\u00e8nere i treu a escena, sense p\u00e8ls a la llengua, els temes femenins dels quals ning\u00fa parla: la depilaci\u00f3, la regla, l\u2019autoestima i el cos femen\u00ed, el porno&#8230; A l\u2019escenari tres joves actrius amb molta energia i amb una qu\u00edmica esc\u00e8nica innegable, parteixen des dels seus cossos i la seva realitat per repassar en clau d\u2019humor grans tem\u00e0tiques de g\u00e8nere i sexistes. Esquetxos, mon\u00f2legs i gags que toquen tots els temes possibles i que no deixen ning\u00fa indiferent! Un acte m\u00e9s ofert per l&#8217;Ajuntament i Joventut dins la setmana del 25N. <a href=\"https:\/\/www.youtube.com\/watch?v=gTyan1VMcW4\">El consentiment (galetes)<\/a><\/p>\n<p><iframe loading=\"lazy\" title=\"ELLES: Consentiment amb Galetes\" width=\"500\" height=\"281\" src=\"https:\/\/www.youtube.com\/embed\/gTyan1VMcW4?feature=oembed\" frameborder=\"0\" allow=\"accelerometer; autoplay; clipboard-write; encrypted-media; gyroscope; picture-in-picture; web-share\" referrerpolicy=\"strict-origin-when-cross-origin\" allowfullscreen><\/iframe><\/p>\n<p>&nbsp;<\/p>\n<p>&nbsp;<\/p>\n","protected":false},"excerpt":{"rendered":"<p>Els nois i noies de 2n i 3r d&#8217;ESO han anat al teatre de Can Rajoler a veure l&#8217;obra &#8220;Elles&#8221; de la companyia La Melanc\u00f2mica. Elles \u00e9s una pe\u00e7a d\u2019humor sat\u00edric que fa un bon rep\u00e0s als clix\u00e9s de g\u00e8nere i treu a escena, sense&hellip;  <a href=\"https:\/\/agora.xtec.cat\/inslasinia\/general\/obra-de-teatre-elles-un-acte-mes-del-25n\/\" title=\"Read Obra de teatre &#8220;Elles&#8221;. Un acte m\u00e9s del 25N\">Llegeix m\u00e9s\u00bb<\/a><\/p>\n","protected":false},"author":13,"featured_media":6545,"comment_status":"open","ping_status":"closed","sticky":false,"template":"","format":"standard","meta":{"_bbp_topic_count":0,"_bbp_reply_count":0,"_bbp_total_topic_count":0,"_bbp_total_reply_count":0,"_bbp_voice_count":0,"_bbp_anonymous_reply_count":0,"_bbp_topic_count_hidden":0,"_bbp_reply_count_hidden":0,"_bbp_forum_subforum_count":0,"footnotes":""},"categories":[1,29],"tags":[],"class_list":["post-6668","post","type-post","status-publish","format-standard","has-post-thumbnail","hentry","category-general","category-portada"],"post_mailing_queue_ids":[],"_links":{"self":[{"href":"https:\/\/agora.xtec.cat\/inslasinia\/wp-json\/wp\/v2\/posts\/6668","targetHints":{"allow":["GET"]}}],"collection":[{"href":"https:\/\/agora.xtec.cat\/inslasinia\/wp-json\/wp\/v2\/posts"}],"about":[{"href":"https:\/\/agora.xtec.cat\/inslasinia\/wp-json\/wp\/v2\/types\/post"}],"author":[{"embeddable":true,"href":"https:\/\/agora.xtec.cat\/inslasinia\/wp-json\/wp\/v2\/users\/13"}],"replies":[{"embeddable":true,"href":"https:\/\/agora.xtec.cat\/inslasinia\/wp-json\/wp\/v2\/comments?post=6668"}],"version-history":[{"count":3,"href":"https:\/\/agora.xtec.cat\/inslasinia\/wp-json\/wp\/v2\/posts\/6668\/revisions"}],"predecessor-version":[{"id":6671,"href":"https:\/\/agora.xtec.cat\/inslasinia\/wp-json\/wp\/v2\/posts\/6668\/revisions\/6671"}],"wp:featuredmedia":[{"embeddable":true,"href":"https:\/\/agora.xtec.cat\/inslasinia\/wp-json\/wp\/v2\/media\/6545"}],"wp:attachment":[{"href":"https:\/\/agora.xtec.cat\/inslasinia\/wp-json\/wp\/v2\/media?parent=6668"}],"wp:term":[{"taxonomy":"category","embeddable":true,"href":"https:\/\/agora.xtec.cat\/inslasinia\/wp-json\/wp\/v2\/categories?post=6668"},{"taxonomy":"post_tag","embeddable":true,"href":"https:\/\/agora.xtec.cat\/inslasinia\/wp-json\/wp\/v2\/tags?post=6668"}],"curies":[{"name":"wp","href":"https:\/\/api.w.org\/{rel}","templated":true}]}}