{"id":663,"date":"2016-07-04T23:30:01","date_gmt":"2016-07-04T22:30:01","guid":{"rendered":"http:\/\/agora.xtec.cat\/inslasinia\/?p=663"},"modified":"2016-07-06T08:01:19","modified_gmt":"2016-07-06T07:01:19","slug":"benvinguda-a-les-noves-families","status":"publish","type":"post","link":"https:\/\/agora.xtec.cat\/inslasinia\/general\/benvinguda-a-les-noves-families\/","title":{"rendered":"Benvinguda a les noves fam\u00edlies"},"content":{"rendered":"<p><a href=\"http:\/\/agora.xtec.cat\/inslasinia\/wp-content\/uploads\/usu512\/2015\/01\/foto-classe.png\" rel=\"attachment wp-att-255\"><img loading=\"lazy\" decoding=\"async\" class=\"wp-image-255 size-medium aligncenter\" src=\"http:\/\/agora.xtec.cat\/inslasinia\/wp-content\/uploads\/usu512\/2015\/01\/foto-classe-300x219.png\" alt=\"foto-classe\" width=\"300\" height=\"219\" srcset=\"https:\/\/agora.xtec.cat\/inslasinia\/wp-content\/uploads\/usu512\/2015\/01\/foto-classe-300x219.png 300w, https:\/\/agora.xtec.cat\/inslasinia\/wp-content\/uploads\/usu512\/2015\/01\/foto-classe.png 640w\" sizes=\"auto, (max-width: 300px) 100vw, 300px\" \/><\/a>Dimecres, <strong>6 de juliol<\/strong>, a les <strong>18:00h<\/strong> us convoquem a totes les fam\u00edlies que entren noves aquest curs a primer d&#8217;ESO a una reuni\u00f3 informativa. Tindr\u00e0 lloc a la <strong>biblioteca de l&#8217;institut<\/strong>.<\/p>\n<p>All\u00ed us explicarem tot el que necessiteu per comen\u00e7ar el curs amb normalitat al setembre. A m\u00e9s a m\u00e9s, tindrem l&#8217;ocasi\u00f3 de con\u00e8ixer-nos una mica m\u00e9s.<\/p>\n<p>Us hi esperem a totes i a tots!<\/p>\n<p><span style=\"border-radius: 2px; text-indent: 20px; width: auto; padding: 0px 4px 0px 0px; text-align: center; font: bold 11px\/20px 'Helvetica Neue',Helvetica,sans-serif; color: #ffffff; background: #bd081c no-repeat scroll 3px 50% \/ 14px 14px; position: absolute; opacity: 1; z-index: 8675309; display: none; cursor: pointer;\">Save<\/span><\/p>\n<p><span style=\"border-radius: 2px; text-indent: 20px; width: auto; padding: 0px 4px 0px 0px; text-align: center; font: bold 11px\/20px 'Helvetica Neue',Helvetica,sans-serif; color: #ffffff; background: #bd081c no-repeat scroll 3px 50% \/ 14px 14px; position: absolute; opacity: 1; z-index: 8675309; display: none; cursor: pointer;\">Save<\/span><\/p>\n","protected":false},"excerpt":{"rendered":"<p><a href=\"http:\/\/agora.xtec.cat\/inslasinia\/wp-content\/uploads\/usu512\/2015\/01\/foto-classe.png\" rel=\"attachment wp-att-255\"><\/a>Dimecres, 6 de juliol, a les 18:00h us convoquem a totes les fam\u00edlies que entren noves aquest curs a primer d&#8217;ESO a una reuni\u00f3 informativa. Tindr\u00e0 lloc a la biblioteca de l&#8217;institut.<br \/>\nAll\u00ed us explicarem tot el que necessiteu per comen\u00e7ar el curs&hellip;  <a href=\"https:\/\/agora.xtec.cat\/inslasinia\/general\/benvinguda-a-les-noves-families\/\" title=\"Read Benvinguda a les noves fam\u00edlies\">Llegeix m\u00e9s\u00bb<\/a><\/p>\n","protected":false},"author":3,"featured_media":0,"comment_status":"open","ping_status":"open","sticky":false,"template":"","format":"standard","meta":{"_bbp_topic_count":0,"_bbp_reply_count":0,"_bbp_total_topic_count":0,"_bbp_total_reply_count":0,"_bbp_voice_count":0,"_bbp_anonymous_reply_count":0,"_bbp_topic_count_hidden":0,"_bbp_reply_count_hidden":0,"_bbp_forum_subforum_count":0,"footnotes":""},"categories":[4,90,1,29],"tags":[77,69,61],"class_list":["post-663","post","type-post","status-publish","format-standard","hentry","category-eso-1","category-families","category-general","category-portada","tag-1r-deso","tag-families","tag-inici-de-curs"],"post_mailing_queue_ids":[],"_links":{"self":[{"href":"https:\/\/agora.xtec.cat\/inslasinia\/wp-json\/wp\/v2\/posts\/663","targetHints":{"allow":["GET"]}}],"collection":[{"href":"https:\/\/agora.xtec.cat\/inslasinia\/wp-json\/wp\/v2\/posts"}],"about":[{"href":"https:\/\/agora.xtec.cat\/inslasinia\/wp-json\/wp\/v2\/types\/post"}],"author":[{"embeddable":true,"href":"https:\/\/agora.xtec.cat\/inslasinia\/wp-json\/wp\/v2\/users\/3"}],"replies":[{"embeddable":true,"href":"https:\/\/agora.xtec.cat\/inslasinia\/wp-json\/wp\/v2\/comments?post=663"}],"version-history":[{"count":3,"href":"https:\/\/agora.xtec.cat\/inslasinia\/wp-json\/wp\/v2\/posts\/663\/revisions"}],"predecessor-version":[{"id":668,"href":"https:\/\/agora.xtec.cat\/inslasinia\/wp-json\/wp\/v2\/posts\/663\/revisions\/668"}],"wp:attachment":[{"href":"https:\/\/agora.xtec.cat\/inslasinia\/wp-json\/wp\/v2\/media?parent=663"}],"wp:term":[{"taxonomy":"category","embeddable":true,"href":"https:\/\/agora.xtec.cat\/inslasinia\/wp-json\/wp\/v2\/categories?post=663"},{"taxonomy":"post_tag","embeddable":true,"href":"https:\/\/agora.xtec.cat\/inslasinia\/wp-json\/wp\/v2\/tags?post=663"}],"curies":[{"name":"wp","href":"https:\/\/api.w.org\/{rel}","templated":true}]}}