{"id":6541,"date":"2024-01-15T17:46:35","date_gmt":"2024-01-15T16:46:35","guid":{"rendered":"https:\/\/agora.xtec.cat\/inslasinia\/?p=6541"},"modified":"2024-01-15T17:46:35","modified_gmt":"2024-01-15T16:46:35","slug":"taller-pel-professorat-sobre-coeducacio","status":"publish","type":"post","link":"https:\/\/agora.xtec.cat\/inslasinia\/portada\/taller-pel-professorat-sobre-coeducacio\/","title":{"rendered":"Taller pel professorat sobre coeducaci\u00f3"},"content":{"rendered":"<p>Dimecres 10 de gener el professorat ha rebut una breu formaci\u00f3 en forma de xerrada participativa sobre coeducaci\u00f3 i un retorn dels tallers que es fan amb els nois i noies del centre. Treballem en la construcci\u00f3 d\u2019una societat on s\u2019accepti la difer\u00e8ncia i la diversitat sexual i de g\u00e8nere possibilitant espais de paraula, reflexi\u00f3 i creaci\u00f3 art\u00edstica per afavorir l\u2019emancipaci\u00f3 i la transformaci\u00f3 social. D&#8217;aquesta manera es pret\u00e9n treballar de manera conjunta el centre i l&#8217;entitat <a href=\"https:\/\/safareig.org\/accio-comunitaria\/\" target=\"_blank\" rel=\"noopener\">El Safareig<\/a>.<\/p>\n<p>En aquesta xerrada s&#8217;ha ofert un espai per clarificar conceptes com dubtes i pors entorn de la coeducaci\u00f3 com a proc\u00e9s que ens involucra a nivells \u00edntims.<\/p>\n<p><a href=\"https:\/\/agora.xtec.cat\/inslasinia\/wp-content\/uploads\/usu512\/2024\/01\/Safareig.png\"><img loading=\"lazy\" decoding=\"async\" class=\"alignnone size-large wp-image-6542\" src=\"https:\/\/agora.xtec.cat\/inslasinia\/wp-content\/uploads\/usu512\/2024\/01\/Safareig-1024x431.png\" alt=\"\" width=\"1024\" height=\"431\" srcset=\"https:\/\/agora.xtec.cat\/inslasinia\/wp-content\/uploads\/usu512\/2024\/01\/Safareig-1024x431.png 1024w, https:\/\/agora.xtec.cat\/inslasinia\/wp-content\/uploads\/usu512\/2024\/01\/Safareig-300x126.png 300w, https:\/\/agora.xtec.cat\/inslasinia\/wp-content\/uploads\/usu512\/2024\/01\/Safareig-768x323.png 768w, https:\/\/agora.xtec.cat\/inslasinia\/wp-content\/uploads\/usu512\/2024\/01\/Safareig-1536x646.png 1536w, https:\/\/agora.xtec.cat\/inslasinia\/wp-content\/uploads\/usu512\/2024\/01\/Safareig.png 1558w\" sizes=\"auto, (max-width: 1024px) 100vw, 1024px\" \/><\/a><\/p>\n","protected":false},"excerpt":{"rendered":"<p>Dimecres 10 de gener el professorat ha rebut una breu formaci\u00f3 en forma de xerrada participativa sobre coeducaci\u00f3 i un retorn dels tallers que es fan amb els nois i noies del centre. Treballem en la construcci\u00f3 d\u2019una societat on s\u2019accepti la difer\u00e8ncia i la&hellip;  <a href=\"https:\/\/agora.xtec.cat\/inslasinia\/portada\/taller-pel-professorat-sobre-coeducacio\/\" title=\"Read Taller pel professorat sobre coeducaci\u00f3\">Llegeix m\u00e9s\u00bb<\/a><\/p>\n","protected":false},"author":10,"featured_media":6542,"comment_status":"open","ping_status":"closed","sticky":false,"template":"","format":"standard","meta":{"_bbp_topic_count":0,"_bbp_reply_count":0,"_bbp_total_topic_count":0,"_bbp_total_reply_count":0,"_bbp_voice_count":0,"_bbp_anonymous_reply_count":0,"_bbp_topic_count_hidden":0,"_bbp_reply_count_hidden":0,"_bbp_forum_subforum_count":0,"footnotes":""},"categories":[29],"tags":[],"class_list":["post-6541","post","type-post","status-publish","format-standard","has-post-thumbnail","hentry","category-portada"],"post_mailing_queue_ids":[],"_links":{"self":[{"href":"https:\/\/agora.xtec.cat\/inslasinia\/wp-json\/wp\/v2\/posts\/6541","targetHints":{"allow":["GET"]}}],"collection":[{"href":"https:\/\/agora.xtec.cat\/inslasinia\/wp-json\/wp\/v2\/posts"}],"about":[{"href":"https:\/\/agora.xtec.cat\/inslasinia\/wp-json\/wp\/v2\/types\/post"}],"author":[{"embeddable":true,"href":"https:\/\/agora.xtec.cat\/inslasinia\/wp-json\/wp\/v2\/users\/10"}],"replies":[{"embeddable":true,"href":"https:\/\/agora.xtec.cat\/inslasinia\/wp-json\/wp\/v2\/comments?post=6541"}],"version-history":[{"count":1,"href":"https:\/\/agora.xtec.cat\/inslasinia\/wp-json\/wp\/v2\/posts\/6541\/revisions"}],"predecessor-version":[{"id":6543,"href":"https:\/\/agora.xtec.cat\/inslasinia\/wp-json\/wp\/v2\/posts\/6541\/revisions\/6543"}],"wp:featuredmedia":[{"embeddable":true,"href":"https:\/\/agora.xtec.cat\/inslasinia\/wp-json\/wp\/v2\/media\/6542"}],"wp:attachment":[{"href":"https:\/\/agora.xtec.cat\/inslasinia\/wp-json\/wp\/v2\/media?parent=6541"}],"wp:term":[{"taxonomy":"category","embeddable":true,"href":"https:\/\/agora.xtec.cat\/inslasinia\/wp-json\/wp\/v2\/categories?post=6541"},{"taxonomy":"post_tag","embeddable":true,"href":"https:\/\/agora.xtec.cat\/inslasinia\/wp-json\/wp\/v2\/tags?post=6541"}],"curies":[{"name":"wp","href":"https:\/\/api.w.org\/{rel}","templated":true}]}}