{"id":642,"date":"2016-06-01T11:54:25","date_gmt":"2016-06-01T10:54:25","guid":{"rendered":"http:\/\/agora.xtec.cat\/inslasinia\/?p=642"},"modified":"2016-06-01T22:33:20","modified_gmt":"2016-06-01T21:33:20","slug":"festa-de-bateig-de-linstitut-la-sinia","status":"publish","type":"post","link":"https:\/\/agora.xtec.cat\/inslasinia\/general\/festa-de-bateig-de-linstitut-la-sinia\/","title":{"rendered":"Festa de Bateig de l&#8217;Institut la S\u00ednia"},"content":{"rendered":"<p>El divendres 3 de juny l\u2019Institut La S\u00ednia organitza una jornada festiva per a celebrar que ja s\u2019ha completat la instal\u00b7laci\u00f3 provisional, que ja es t\u00e9 un nom definitiu i que la primera promoci\u00f3 d\u2019alumnes ja surt del centre. Aquest dia es faran diversos tallers al mat\u00ed per als alumnes i, a la tarda, es faran els actes oficials, en qu\u00e8 col\u00b7laboraran algunes entitats del municipi. A la nit, l\u2019AFA organitza el sopar de final de curs, que enguany s\u2019avan\u00e7a per a fer-lo coincidir amb la Festa de Bateig.<\/p>\n<p>Per a m\u00e9s informaci\u00f3, podeu consultar el <a href=\"http:\/\/agora.xtec.cat\/inslasinia\/wp-content\/uploads\/usu512\/2016\/06\/Programa-Bateig-La-S\u00ednia.pdf\">Programa.<\/a><\/p>\n<p>Us hi esperem!<\/p>\n","protected":false},"excerpt":{"rendered":"<p>El divendres 3 de juny l\u2019Institut La S\u00ednia organitza una jornada festiva per a celebrar que ja s\u2019ha completat la instal\u00b7laci\u00f3 provisional, que ja es t\u00e9 un nom definitiu i que la primera promoci\u00f3 d\u2019alumnes ja surt del centre. Aquest dia es faran diversos tallers&hellip;  <a href=\"https:\/\/agora.xtec.cat\/inslasinia\/general\/festa-de-bateig-de-linstitut-la-sinia\/\" title=\"Read Festa de Bateig de l&#8217;Institut la S\u00ednia\">Llegeix m\u00e9s\u00bb<\/a><\/p>\n","protected":false},"author":3,"featured_media":0,"comment_status":"open","ping_status":"open","sticky":false,"template":"","format":"standard","meta":{"_bbp_topic_count":0,"_bbp_reply_count":0,"_bbp_total_topic_count":0,"_bbp_total_reply_count":0,"_bbp_voice_count":0,"_bbp_anonymous_reply_count":0,"_bbp_topic_count_hidden":0,"_bbp_reply_count_hidden":0,"_bbp_forum_subforum_count":0,"footnotes":""},"categories":[31,1,29],"tags":[],"class_list":["post-642","post","type-post","status-publish","format-standard","hentry","category-afa","category-general","category-portada"],"post_mailing_queue_ids":[],"_links":{"self":[{"href":"https:\/\/agora.xtec.cat\/inslasinia\/wp-json\/wp\/v2\/posts\/642","targetHints":{"allow":["GET"]}}],"collection":[{"href":"https:\/\/agora.xtec.cat\/inslasinia\/wp-json\/wp\/v2\/posts"}],"about":[{"href":"https:\/\/agora.xtec.cat\/inslasinia\/wp-json\/wp\/v2\/types\/post"}],"author":[{"embeddable":true,"href":"https:\/\/agora.xtec.cat\/inslasinia\/wp-json\/wp\/v2\/users\/3"}],"replies":[{"embeddable":true,"href":"https:\/\/agora.xtec.cat\/inslasinia\/wp-json\/wp\/v2\/comments?post=642"}],"version-history":[{"count":1,"href":"https:\/\/agora.xtec.cat\/inslasinia\/wp-json\/wp\/v2\/posts\/642\/revisions"}],"predecessor-version":[{"id":644,"href":"https:\/\/agora.xtec.cat\/inslasinia\/wp-json\/wp\/v2\/posts\/642\/revisions\/644"}],"wp:attachment":[{"href":"https:\/\/agora.xtec.cat\/inslasinia\/wp-json\/wp\/v2\/media?parent=642"}],"wp:term":[{"taxonomy":"category","embeddable":true,"href":"https:\/\/agora.xtec.cat\/inslasinia\/wp-json\/wp\/v2\/categories?post=642"},{"taxonomy":"post_tag","embeddable":true,"href":"https:\/\/agora.xtec.cat\/inslasinia\/wp-json\/wp\/v2\/tags?post=642"}],"curies":[{"name":"wp","href":"https:\/\/api.w.org\/{rel}","templated":true}]}}