{"id":6402,"date":"2023-11-14T11:20:27","date_gmt":"2023-11-14T10:20:27","guid":{"rendered":"https:\/\/agora.xtec.cat\/inslasinia\/?p=6402"},"modified":"2023-11-15T13:05:51","modified_gmt":"2023-11-15T12:05:51","slug":"visitem-linstitut-angeleta-ferrer","status":"publish","type":"post","link":"https:\/\/agora.xtec.cat\/inslasinia\/portada\/visitem-linstitut-angeleta-ferrer\/","title":{"rendered":"Visitem l&#8217;institut Angeleta Ferrer"},"content":{"rendered":"<p>Visitem l&#8217;<a href=\"https:\/\/agora.xtec.cat\/insaferrer\/\" target=\"_blank\" rel=\"noopener\">institut Angeleta Ferrer<\/a> per con\u00e8ixer el seu programa d&#8217;innovaci\u00f3 pedag\u00f2gica.\u00a0 Agra\u00efm en Boris Mir i l&#8217;Abraham de la Fuente per l&#8217;acollida i les reflexions i tamb\u00e9 molt especialment als estudiants embaixadors que ens han acompanyat i explicat l&#8217;organtizaci\u00f3 de centre i la seva viv\u00e8ncia personal.<\/p>\n<p>Una visita de formaci\u00f3 plena d&#8217;aprenentatges i reflexions que ens ajuden a tirar endavant per seguir treballant per la millora de la qualitat educativa, l&#8217;aprenentage competencial i la personalitzaci\u00f3 dels aprenentatges. Continuem!<\/p>\n<p>&nbsp;<\/p>\n","protected":false},"excerpt":{"rendered":"<p>Visitem l&#8217;<a href=\"https:\/\/agora.xtec.cat\/insaferrer\/\" target=\"_blank\" rel=\"noopener\">institut Angeleta Ferrer<\/a> per con\u00e8ixer el seu programa d&#8217;innovaci\u00f3 pedag\u00f2gica.\u00a0 Agra\u00efm en Boris Mir i l&#8217;Abraham de la Fuente per l&#8217;acollida i les reflexions i tamb\u00e9 molt especialment als estudiants embaixadors que ens han acompanyat i explicat l&#8217;organtizaci\u00f3 de centre i&hellip;  <a href=\"https:\/\/agora.xtec.cat\/inslasinia\/portada\/visitem-linstitut-angeleta-ferrer\/\" title=\"Read Visitem l&#8217;institut Angeleta Ferrer\">Llegeix m\u00e9s\u00bb<\/a><\/p>\n","protected":false},"author":10,"featured_media":6408,"comment_status":"open","ping_status":"closed","sticky":false,"template":"","format":"standard","meta":{"_bbp_topic_count":0,"_bbp_reply_count":0,"_bbp_total_topic_count":0,"_bbp_total_reply_count":0,"_bbp_voice_count":0,"_bbp_anonymous_reply_count":0,"_bbp_topic_count_hidden":0,"_bbp_reply_count_hidden":0,"_bbp_forum_subforum_count":0,"footnotes":""},"categories":[130,29],"tags":[],"class_list":["post-6402","post","type-post","status-publish","format-standard","has-post-thumbnail","hentry","category-faig","category-portada"],"post_mailing_queue_ids":[],"_links":{"self":[{"href":"https:\/\/agora.xtec.cat\/inslasinia\/wp-json\/wp\/v2\/posts\/6402","targetHints":{"allow":["GET"]}}],"collection":[{"href":"https:\/\/agora.xtec.cat\/inslasinia\/wp-json\/wp\/v2\/posts"}],"about":[{"href":"https:\/\/agora.xtec.cat\/inslasinia\/wp-json\/wp\/v2\/types\/post"}],"author":[{"embeddable":true,"href":"https:\/\/agora.xtec.cat\/inslasinia\/wp-json\/wp\/v2\/users\/10"}],"replies":[{"embeddable":true,"href":"https:\/\/agora.xtec.cat\/inslasinia\/wp-json\/wp\/v2\/comments?post=6402"}],"version-history":[{"count":1,"href":"https:\/\/agora.xtec.cat\/inslasinia\/wp-json\/wp\/v2\/posts\/6402\/revisions"}],"predecessor-version":[{"id":6404,"href":"https:\/\/agora.xtec.cat\/inslasinia\/wp-json\/wp\/v2\/posts\/6402\/revisions\/6404"}],"wp:featuredmedia":[{"embeddable":true,"href":"https:\/\/agora.xtec.cat\/inslasinia\/wp-json\/wp\/v2\/media\/6408"}],"wp:attachment":[{"href":"https:\/\/agora.xtec.cat\/inslasinia\/wp-json\/wp\/v2\/media?parent=6402"}],"wp:term":[{"taxonomy":"category","embeddable":true,"href":"https:\/\/agora.xtec.cat\/inslasinia\/wp-json\/wp\/v2\/categories?post=6402"},{"taxonomy":"post_tag","embeddable":true,"href":"https:\/\/agora.xtec.cat\/inslasinia\/wp-json\/wp\/v2\/tags?post=6402"}],"curies":[{"name":"wp","href":"https:\/\/api.w.org\/{rel}","templated":true}]}}