{"id":6310,"date":"2023-10-18T23:15:29","date_gmt":"2023-10-18T21:15:29","guid":{"rendered":"https:\/\/agora.xtec.cat\/inslasinia\/?p=6310"},"modified":"2023-11-15T13:06:37","modified_gmt":"2023-11-15T12:06:37","slug":"programa-faig","status":"publish","type":"post","link":"https:\/\/agora.xtec.cat\/inslasinia\/portada\/programa-faig\/","title":{"rendered":"Programa FAIG"},"content":{"rendered":"<p>L&#8217;equip motor FAIG La S\u00ednia ja est\u00e0 treballant al centre i en comunitat per a la creaci\u00f3 de la vida d&#8217;aula. <span style=\"font-weight: 400;\">Neixen experi\u00e8ncies i espais de relaci\u00f3 per a la cohesi\u00f3 i el sentiment de pertinen\u00e7a al grup i al <a href=\"https:\/\/serveiseducatius.xtec.cat\/cesire\/faig-fent-per-aprendre-imaginant-globalment\/\">FAIG<\/a>. Des dels cinc membres de l&#8217;equip motor i en <a href=\"https:\/\/www.google.com\/maps\/d\/u\/0\/viewer?mid=1fBcMdLnhCgDFxY38WEd8XL243_cBVw8&amp;ll=41.70844022042744%2C1.7950774999999863&amp;z=8\">comunitat<\/a> amb l&#8217;Institut Marta Estrada, l&#8217;Escola Peram\u00e0s i l&#8217;Escola Bellavista Joan Camps i Mir\u00f3 comencem a crear vincles, con\u00e8ixer el treball dut a terme fins ara, mobilitzar idees pr\u00e8vies, recon\u00e8ixer expectatives i temors. Amb la il\u00b7lusi\u00f3 de seguir un cam\u00ed cap a una cultura maker i d&#8217;enriquir-nos entre tots.<\/span><\/p>\n<p>Comencem!<\/p>\n<p>&nbsp;<\/p>\n","protected":false},"excerpt":{"rendered":"<p>L&#8217;equip motor FAIG La S\u00ednia ja est\u00e0 treballant al centre i en comunitat per a la creaci\u00f3 de la vida d&#8217;aula. Neixen experi\u00e8ncies i espais de relaci\u00f3 per a la cohesi\u00f3 i el sentiment de pertinen\u00e7a al grup i al <a href=\"https:\/\/serveiseducatius.xtec.cat\/cesire\/faig-fent-per-aprendre-imaginant-globalment\/\">FAIG<\/a>. Des dels cinc&hellip;  <a href=\"https:\/\/agora.xtec.cat\/inslasinia\/portada\/programa-faig\/\" title=\"Read Programa FAIG\">Llegeix m\u00e9s\u00bb<\/a><\/p>\n","protected":false},"author":10,"featured_media":6311,"comment_status":"open","ping_status":"closed","sticky":false,"template":"","format":"standard","meta":{"_bbp_topic_count":0,"_bbp_reply_count":0,"_bbp_total_topic_count":0,"_bbp_total_reply_count":0,"_bbp_voice_count":0,"_bbp_anonymous_reply_count":0,"_bbp_topic_count_hidden":0,"_bbp_reply_count_hidden":0,"_bbp_forum_subforum_count":0,"footnotes":""},"categories":[130,29],"tags":[],"class_list":["post-6310","post","type-post","status-publish","format-standard","has-post-thumbnail","hentry","category-faig","category-portada"],"post_mailing_queue_ids":[],"_links":{"self":[{"href":"https:\/\/agora.xtec.cat\/inslasinia\/wp-json\/wp\/v2\/posts\/6310","targetHints":{"allow":["GET"]}}],"collection":[{"href":"https:\/\/agora.xtec.cat\/inslasinia\/wp-json\/wp\/v2\/posts"}],"about":[{"href":"https:\/\/agora.xtec.cat\/inslasinia\/wp-json\/wp\/v2\/types\/post"}],"author":[{"embeddable":true,"href":"https:\/\/agora.xtec.cat\/inslasinia\/wp-json\/wp\/v2\/users\/10"}],"replies":[{"embeddable":true,"href":"https:\/\/agora.xtec.cat\/inslasinia\/wp-json\/wp\/v2\/comments?post=6310"}],"version-history":[{"count":1,"href":"https:\/\/agora.xtec.cat\/inslasinia\/wp-json\/wp\/v2\/posts\/6310\/revisions"}],"predecessor-version":[{"id":6312,"href":"https:\/\/agora.xtec.cat\/inslasinia\/wp-json\/wp\/v2\/posts\/6310\/revisions\/6312"}],"wp:featuredmedia":[{"embeddable":true,"href":"https:\/\/agora.xtec.cat\/inslasinia\/wp-json\/wp\/v2\/media\/6311"}],"wp:attachment":[{"href":"https:\/\/agora.xtec.cat\/inslasinia\/wp-json\/wp\/v2\/media?parent=6310"}],"wp:term":[{"taxonomy":"category","embeddable":true,"href":"https:\/\/agora.xtec.cat\/inslasinia\/wp-json\/wp\/v2\/categories?post=6310"},{"taxonomy":"post_tag","embeddable":true,"href":"https:\/\/agora.xtec.cat\/inslasinia\/wp-json\/wp\/v2\/tags?post=6310"}],"curies":[{"name":"wp","href":"https:\/\/api.w.org\/{rel}","templated":true}]}}