{"id":630,"date":"2016-05-31T11:32:31","date_gmt":"2016-05-31T10:32:31","guid":{"rendered":"http:\/\/agora.xtec.cat\/inslasinia\/?p=630"},"modified":"2016-05-31T11:32:31","modified_gmt":"2016-05-31T10:32:31","slug":"our-trip-to-dublin","status":"publish","type":"post","link":"https:\/\/agora.xtec.cat\/inslasinia\/general\/our-trip-to-dublin\/","title":{"rendered":"OUR TRIP TO DUBLIN"},"content":{"rendered":"<p class=\"western\" lang=\"ca-ES\" align=\"justify\">La setmana del 23 al 27 de maig, un grup de 38 alumnes de 4t ESO, acompanyats per 3 professors, han fet el viatge de final de curs a Irlanda. Durant l\u2019estada en un alberg de Dubl\u00edn, els alumnes han passejat per la ciutat i han visitat els espais culturals, socials i comercials m\u00e9s importants de la capital. Tamb\u00e9 han fet excursions al parc natural de Wicklow i a la pen\u00ednsula de Howth. Han pogut gaudir dels barris emblem\u00e0tics, dels seus museus, parcs i pobles del voltant. Tot i ser una ciutat petita, els seus racons, donen per viure moltes experi\u00e8ncies! A l\u2019alberg, els alumnes tamb\u00e9 han pogut con\u00e8ixer nois i noies d\u2019altres pa\u00efsos, amb qui compartien els espais comuns. L\u2019experi\u00e8ncia ha estat molt interessant i tothom en fa una valoraci\u00f3 positiva.<\/p>\n<p>\u00a0<a href=\"http:\/\/agora.xtec.cat\/inslasinia\/wp-content\/uploads\/usu512\/2016\/05\/Dublin-Jardins-del-Museu-dart-modern.jpg\"><img loading=\"lazy\" decoding=\"async\" class=\"alignnone wp-image-640 size-large\" src=\"http:\/\/agora.xtec.cat\/inslasinia\/wp-content\/uploads\/usu512\/2016\/05\/Dublin-Jardins-del-Museu-dart-modern-1024x576.jpg\" alt=\"Dublin - Jardins del Museu d'art modern\" width=\"1024\" height=\"576\" srcset=\"https:\/\/agora.xtec.cat\/inslasinia\/wp-content\/uploads\/usu512\/2016\/05\/Dublin-Jardins-del-Museu-dart-modern-1024x576.jpg 1024w, https:\/\/agora.xtec.cat\/inslasinia\/wp-content\/uploads\/usu512\/2016\/05\/Dublin-Jardins-del-Museu-dart-modern-300x169.jpg 300w\" sizes=\"auto, (max-width: 1024px) 100vw, 1024px\" \/><\/a><\/p>\n<p>Ara els nois i noies han tornat amb les piles carregades per encetar la recta final del curs.<br \/>\nAra toca continuar endavant i tancar una etapa perqu\u00e8 comenci una altra.<\/p>\n","protected":false},"excerpt":{"rendered":"<p>La setmana del 23 al 27 de maig, un grup de 38 alumnes de 4t ESO, acompanyats per 3 professors, han fet el viatge de final de curs a Irlanda. Durant l\u2019estada en un alberg de Dubl\u00edn, els alumnes han passejat per la ciutat i&hellip;  <a href=\"https:\/\/agora.xtec.cat\/inslasinia\/general\/our-trip-to-dublin\/\" title=\"Read OUR TRIP TO DUBLIN\">Llegeix m\u00e9s\u00bb<\/a><\/p>\n","protected":false},"author":12,"featured_media":640,"comment_status":"open","ping_status":"open","sticky":false,"template":"","format":"standard","meta":{"_bbp_topic_count":0,"_bbp_reply_count":0,"_bbp_total_topic_count":0,"_bbp_total_reply_count":0,"_bbp_voice_count":0,"_bbp_anonymous_reply_count":0,"_bbp_topic_count_hidden":0,"_bbp_reply_count_hidden":0,"_bbp_forum_subforum_count":0,"footnotes":""},"categories":[7,1,29,81],"tags":[],"class_list":["post-630","post","type-post","status-publish","format-standard","has-post-thumbnail","hentry","category-eso-4","category-general","category-portada","category-sortides"],"post_mailing_queue_ids":[],"_links":{"self":[{"href":"https:\/\/agora.xtec.cat\/inslasinia\/wp-json\/wp\/v2\/posts\/630","targetHints":{"allow":["GET"]}}],"collection":[{"href":"https:\/\/agora.xtec.cat\/inslasinia\/wp-json\/wp\/v2\/posts"}],"about":[{"href":"https:\/\/agora.xtec.cat\/inslasinia\/wp-json\/wp\/v2\/types\/post"}],"author":[{"embeddable":true,"href":"https:\/\/agora.xtec.cat\/inslasinia\/wp-json\/wp\/v2\/users\/12"}],"replies":[{"embeddable":true,"href":"https:\/\/agora.xtec.cat\/inslasinia\/wp-json\/wp\/v2\/comments?post=630"}],"version-history":[{"count":3,"href":"https:\/\/agora.xtec.cat\/inslasinia\/wp-json\/wp\/v2\/posts\/630\/revisions"}],"predecessor-version":[{"id":641,"href":"https:\/\/agora.xtec.cat\/inslasinia\/wp-json\/wp\/v2\/posts\/630\/revisions\/641"}],"wp:featuredmedia":[{"embeddable":true,"href":"https:\/\/agora.xtec.cat\/inslasinia\/wp-json\/wp\/v2\/media\/640"}],"wp:attachment":[{"href":"https:\/\/agora.xtec.cat\/inslasinia\/wp-json\/wp\/v2\/media?parent=630"}],"wp:term":[{"taxonomy":"category","embeddable":true,"href":"https:\/\/agora.xtec.cat\/inslasinia\/wp-json\/wp\/v2\/categories?post=630"},{"taxonomy":"post_tag","embeddable":true,"href":"https:\/\/agora.xtec.cat\/inslasinia\/wp-json\/wp\/v2\/tags?post=630"}],"curies":[{"name":"wp","href":"https:\/\/api.w.org\/{rel}","templated":true}]}}