{"id":6108,"date":"2023-05-25T23:12:00","date_gmt":"2023-05-25T21:12:00","guid":{"rendered":"https:\/\/agora.xtec.cat\/inslasinia\/?p=6108"},"modified":"2023-05-25T23:12:00","modified_gmt":"2023-05-25T21:12:00","slug":"15a-setmana-de-la-familia","status":"publish","type":"post","link":"https:\/\/agora.xtec.cat\/inslasinia\/portada\/15a-setmana-de-la-familia\/","title":{"rendered":"15a Setmana de la Fam\u00edlia"},"content":{"rendered":"<p>En el marc de la 15a setmana de la fam\u00edlia des de l&#8217;institut s&#8217;ha ofert la xerrada &#8220;Educaci\u00f3 emocials i comunicaci\u00f3 amb adolescents&#8221; amb l&#8217;empresa SEER.<\/p>\n<p>En aquesta xerrada es pret\u00e9n entendre millor la dimensi\u00f3 emocional de l&#8217;adolescent, aportar amplitud de mirada, sobre el desenvolupament socioemocional dels nostres fills i filles,\u00a0 i entrenar eines per a la consolidaci\u00f3 de les relacions positives en l&#8217;acompanyament que en fem al llarg de la vida.<\/p>\n<p>Moltes gr\u00e0cies a les fam\u00edlies que heu pogut participar d&#8217;aquestes jornades.<\/p>\n\r\n\t<div class=\"slideshow_container slideshow_container_style-light\" style=\"height: 500px; \" data-slideshow-id=\"6103\" data-style-name=\"style-light\" data-style-version=\"2.3.1\" >\r\n\r\n\t\t\t\t\t<div class=\"slideshow_loading_icon\"><\/div>\r\n\t\t\r\n\t\t<div class=\"slideshow_content\" style=\"display: none;\">\r\n\r\n\t\t\t<div class=\"slideshow_view\">\r\n\t\t\t\t<div class=\"slideshow_slide slideshow_slide_image\">\r\n\t\t\t\t\t\t\t\t\t\t\t<img src=\"https:\/\/agora.xtec.cat\/inslasinia\/wp-content\/uploads\/usu512\/2023\/05\/eee34da4-5720-424c-bc71-f571ac33842e.jpg\" alt=\"eee34da4-5720-424c-bc71-f571ac33842e\" width=\"1599\" height=\"899\" \/>\r\n\t\t\t\t\t\t\t\t\t\t<div class=\"slideshow_description_box slideshow_transparent\">\r\n\t\t\t\t\t\t<div class=\"slideshow_title\">eee34da4-5720-424c-bc71-f571ac33842e<\/div>\t\t\t\t\t\t\t\t\t\t\t<\/div>\r\n\t\t\t\t<\/div>\r\n\r\n\t\t\t\t\t\t<div style=\"clear: both;\"><\/div><\/div><div class=\"slideshow_view\">\r\n\t\t\t\t<div class=\"slideshow_slide slideshow_slide_image\">\r\n\t\t\t\t\t\t\t\t\t\t\t<img src=\"https:\/\/agora.xtec.cat\/inslasinia\/wp-content\/uploads\/usu512\/2023\/05\/de47f228-446d-4c60-81f5-dab7cab797d0.jpg\" alt=\"de47f228-446d-4c60-81f5-dab7cab797d0\" width=\"1600\" height=\"900\" \/>\r\n\t\t\t\t\t\t\t\t\t\t<div class=\"slideshow_description_box slideshow_transparent\">\r\n\t\t\t\t\t\t<div class=\"slideshow_title\">de47f228-446d-4c60-81f5-dab7cab797d0<\/div>\t\t\t\t\t\t\t\t\t\t\t<\/div>\r\n\t\t\t\t<\/div>\r\n\r\n\t\t\t\t\t\t<div style=\"clear: both;\"><\/div><\/div><div class=\"slideshow_view\">\r\n\t\t\t\t<div class=\"slideshow_slide slideshow_slide_image\">\r\n\t\t\t\t\t\t\t\t\t\t\t<img src=\"https:\/\/agora.xtec.cat\/inslasinia\/wp-content\/uploads\/usu512\/2023\/05\/a54f70b1-dc67-45ee-a722-04cd114792b7.jpg\" alt=\"a54f70b1-dc67-45ee-a722-04cd114792b7\" width=\"1600\" height=\"900\" \/>\r\n\t\t\t\t\t\t\t\t\t\t<div class=\"slideshow_description_box slideshow_transparent\">\r\n\t\t\t\t\t\t<div class=\"slideshow_title\">a54f70b1-dc67-45ee-a722-04cd114792b7<\/div>\t\t\t\t\t\t\t\t\t\t\t<\/div>\r\n\t\t\t\t<\/div>\r\n\r\n\t\t\t\t\t\t<div style=\"clear: both;\"><\/div><\/div><div class=\"slideshow_view\">\r\n\t\t\t\t<div class=\"slideshow_slide slideshow_slide_image\">\r\n\t\t\t\t\t\t\t\t\t\t\t<img src=\"https:\/\/agora.xtec.cat\/inslasinia\/wp-content\/uploads\/usu512\/2023\/05\/6925ae0a-22c5-4e32-bda7-7c17ee7f2bdc.jpg\" alt=\"6925ae0a-22c5-4e32-bda7-7c17ee7f2bdc\" width=\"1600\" height=\"1200\" \/>\r\n\t\t\t\t\t\t\t\t\t\t<div class=\"slideshow_description_box slideshow_transparent\">\r\n\t\t\t\t\t\t<div class=\"slideshow_title\">6925ae0a-22c5-4e32-bda7-7c17ee7f2bdc<\/div>\t\t\t\t\t\t\t\t\t\t\t<\/div>\r\n\t\t\t\t<\/div>\r\n\r\n\t\t\t\t\t\t<div style=\"clear: both;\"><\/div><\/div>\r\n\t\t<\/div>\r\n\r\n\t\t<div class=\"slideshow_controlPanel slideshow_transparent\" style=\"display: none;\"><ul><li class=\"slideshow_togglePlay\" data-play-text=\"Visualitza\" data-pause-text=\"Pausa\"><\/li><\/ul><\/div>\r\n\r\n\t\t<div class=\"slideshow_button slideshow_previous slideshow_transparent\" role=\"button\" data-previous-text=\"Anterior\" style=\"display: none;\"><\/div>\r\n\t\t<div class=\"slideshow_button slideshow_next slideshow_transparent\" role=\"button\" data-next-text=\"Seg\u00fcent\" style=\"display: none;\"><\/div>\r\n\r\n\t\t<div class=\"slideshow_pagination\" style=\"display: none;\" data-go-to-text=\"V\u00e9s a la diapositiva\"><div class=\"slideshow_pagination_center\"><\/div><\/div>\r\n\r\n\t\t<!-- WordPress Slideshow Version 2.3.1 -->\r\n\r\n\t\t\t<\/div>\r\n\r\n\n","protected":false},"excerpt":{"rendered":"<p>En el marc de la 15a setmana de la fam\u00edlia des de l&#8217;institut s&#8217;ha ofert la xerrada &#8220;Educaci\u00f3 emocials i comunicaci\u00f3 amb adolescents&#8221; amb l&#8217;empresa SEER.<br \/>\nEn aquesta xerrada es pret\u00e9n entendre millor la dimensi\u00f3 emocional de l&#8217;adolescent, aportar amplitud de mirada, sobre el desenvolupament socioemocional&hellip;  <a href=\"https:\/\/agora.xtec.cat\/inslasinia\/portada\/15a-setmana-de-la-familia\/\" title=\"Read 15a Setmana de la Fam\u00edlia\">Llegeix m\u00e9s\u00bb<\/a><\/p>\n","protected":false},"author":10,"featured_media":5996,"comment_status":"open","ping_status":"closed","sticky":false,"template":"","format":"standard","meta":{"_bbp_topic_count":0,"_bbp_reply_count":0,"_bbp_total_topic_count":0,"_bbp_total_reply_count":0,"_bbp_voice_count":0,"_bbp_anonymous_reply_count":0,"_bbp_topic_count_hidden":0,"_bbp_reply_count_hidden":0,"_bbp_forum_subforum_count":0,"footnotes":""},"categories":[90,29],"tags":[],"class_list":["post-6108","post","type-post","status-publish","format-standard","has-post-thumbnail","hentry","category-families","category-portada"],"post_mailing_queue_ids":[],"_links":{"self":[{"href":"https:\/\/agora.xtec.cat\/inslasinia\/wp-json\/wp\/v2\/posts\/6108","targetHints":{"allow":["GET"]}}],"collection":[{"href":"https:\/\/agora.xtec.cat\/inslasinia\/wp-json\/wp\/v2\/posts"}],"about":[{"href":"https:\/\/agora.xtec.cat\/inslasinia\/wp-json\/wp\/v2\/types\/post"}],"author":[{"embeddable":true,"href":"https:\/\/agora.xtec.cat\/inslasinia\/wp-json\/wp\/v2\/users\/10"}],"replies":[{"embeddable":true,"href":"https:\/\/agora.xtec.cat\/inslasinia\/wp-json\/wp\/v2\/comments?post=6108"}],"version-history":[{"count":1,"href":"https:\/\/agora.xtec.cat\/inslasinia\/wp-json\/wp\/v2\/posts\/6108\/revisions"}],"predecessor-version":[{"id":6109,"href":"https:\/\/agora.xtec.cat\/inslasinia\/wp-json\/wp\/v2\/posts\/6108\/revisions\/6109"}],"wp:featuredmedia":[{"embeddable":true,"href":"https:\/\/agora.xtec.cat\/inslasinia\/wp-json\/wp\/v2\/media\/5996"}],"wp:attachment":[{"href":"https:\/\/agora.xtec.cat\/inslasinia\/wp-json\/wp\/v2\/media?parent=6108"}],"wp:term":[{"taxonomy":"category","embeddable":true,"href":"https:\/\/agora.xtec.cat\/inslasinia\/wp-json\/wp\/v2\/categories?post=6108"},{"taxonomy":"post_tag","embeddable":true,"href":"https:\/\/agora.xtec.cat\/inslasinia\/wp-json\/wp\/v2\/tags?post=6108"}],"curies":[{"name":"wp","href":"https:\/\/api.w.org\/{rel}","templated":true}]}}