{"id":5829,"date":"2023-02-17T11:26:55","date_gmt":"2023-02-17T10:26:55","guid":{"rendered":"https:\/\/agora.xtec.cat\/inslasinia\/?p=5829"},"modified":"2023-02-17T11:26:55","modified_gmt":"2023-02-17T10:26:55","slug":"dones-i-compositores-sonen-a-lentrada-i-sortida-de-linstitut","status":"publish","type":"post","link":"https:\/\/agora.xtec.cat\/inslasinia\/portada\/dones-i-compositores-sonen-a-lentrada-i-sortida-de-linstitut\/","title":{"rendered":"Dones i compositores sonen a l&#8217;entrada i sortida de l&#8217;institut"},"content":{"rendered":"<p>Hem iniciat el cicle de dones i compositores que cada setmana sonen a l&#8217;entrada i sortida de l&#8217;institut. D&#8217;aquesta manera es pret\u00e9n donar a con\u00e8ixer el gran patrimoni i llegat musical femen\u00ed, difondre l\u2019aportaci\u00f3 musical i el talent de les dones compositores, aix\u00ed com escoltar composicions de les compositores de diferents \u00e8poques i pa\u00efsos.<\/p>\n<p>Gwen Stefani, Ces\u00e1ria Evora i Pink Martini inicien les tres primeres setmanes d&#8217;aquest cicle.<\/p>\n<p><iframe loading=\"lazy\" src=\"\/\/www.youtube.com\/embed\/PHzOOQfhPFg\" width=\"560\" height=\"314\" allowfullscreen=\"allowfullscreen\"><\/iframe><\/p>\n<p><iframe loading=\"lazy\" src=\"\/\/www.youtube.com\/embed\/e6qAFj5jKx0\" width=\"560\" height=\"314\" allowfullscreen=\"allowfullscreen\"><\/iframe><\/p>\n<p><iframe loading=\"lazy\" src=\"\/\/www.youtube.com\/embed\/0cCs8eQzrMQ\" width=\"560\" height=\"314\" allowfullscreen=\"allowfullscreen\"><\/iframe><\/p>\n","protected":false},"excerpt":{"rendered":"<p>Hem iniciat el cicle de dones i compositores que cada setmana sonen a l&#8217;entrada i sortida de l&#8217;institut. D&#8217;aquesta manera es pret\u00e9n donar a con\u00e8ixer el gran patrimoni i llegat musical femen\u00ed, difondre l\u2019aportaci\u00f3 musical i el talent de les dones compositores, aix\u00ed com escoltar&hellip;  <a href=\"https:\/\/agora.xtec.cat\/inslasinia\/portada\/dones-i-compositores-sonen-a-lentrada-i-sortida-de-linstitut\/\" title=\"Read Dones i compositores sonen a l&#8217;entrada i sortida de l&#8217;institut\">Llegeix m\u00e9s\u00bb<\/a><\/p>\n","protected":false},"author":10,"featured_media":5830,"comment_status":"open","ping_status":"closed","sticky":false,"template":"","format":"standard","meta":{"_bbp_topic_count":0,"_bbp_reply_count":0,"_bbp_total_topic_count":0,"_bbp_total_reply_count":0,"_bbp_voice_count":0,"_bbp_anonymous_reply_count":0,"_bbp_topic_count_hidden":0,"_bbp_reply_count_hidden":0,"_bbp_forum_subforum_count":0,"footnotes":""},"categories":[123,29],"tags":[],"class_list":["post-5829","post","type-post","status-publish","format-standard","has-post-thumbnail","hentry","category-sona","category-portada"],"post_mailing_queue_ids":[],"_links":{"self":[{"href":"https:\/\/agora.xtec.cat\/inslasinia\/wp-json\/wp\/v2\/posts\/5829","targetHints":{"allow":["GET"]}}],"collection":[{"href":"https:\/\/agora.xtec.cat\/inslasinia\/wp-json\/wp\/v2\/posts"}],"about":[{"href":"https:\/\/agora.xtec.cat\/inslasinia\/wp-json\/wp\/v2\/types\/post"}],"author":[{"embeddable":true,"href":"https:\/\/agora.xtec.cat\/inslasinia\/wp-json\/wp\/v2\/users\/10"}],"replies":[{"embeddable":true,"href":"https:\/\/agora.xtec.cat\/inslasinia\/wp-json\/wp\/v2\/comments?post=5829"}],"version-history":[{"count":1,"href":"https:\/\/agora.xtec.cat\/inslasinia\/wp-json\/wp\/v2\/posts\/5829\/revisions"}],"predecessor-version":[{"id":5831,"href":"https:\/\/agora.xtec.cat\/inslasinia\/wp-json\/wp\/v2\/posts\/5829\/revisions\/5831"}],"wp:featuredmedia":[{"embeddable":true,"href":"https:\/\/agora.xtec.cat\/inslasinia\/wp-json\/wp\/v2\/media\/5830"}],"wp:attachment":[{"href":"https:\/\/agora.xtec.cat\/inslasinia\/wp-json\/wp\/v2\/media?parent=5829"}],"wp:term":[{"taxonomy":"category","embeddable":true,"href":"https:\/\/agora.xtec.cat\/inslasinia\/wp-json\/wp\/v2\/categories?post=5829"},{"taxonomy":"post_tag","embeddable":true,"href":"https:\/\/agora.xtec.cat\/inslasinia\/wp-json\/wp\/v2\/tags?post=5829"}],"curies":[{"name":"wp","href":"https:\/\/api.w.org\/{rel}","templated":true}]}}