{"id":5706,"date":"2022-12-13T14:11:57","date_gmt":"2022-12-13T13:11:57","guid":{"rendered":"https:\/\/agora.xtec.cat\/inslasinia\/?p=5706"},"modified":"2022-12-15T09:13:46","modified_gmt":"2022-12-15T08:13:46","slug":"campanya-de-difusico-sobre-la-salut-cardiovascular","status":"publish","type":"post","link":"https:\/\/agora.xtec.cat\/inslasinia\/general\/campanya-de-difusico-sobre-la-salut-cardiovascular\/","title":{"rendered":"Campanya de difusi\u00f3 sobre la salut cardiovascular"},"content":{"rendered":"<p>El dimecres 7 de desembre va venir una professional de la salut a fer la sessi\u00f3 divulgativa en format presencial per acostar els joves a la <strong>realitat m\u00e8dica i humana de la salut cardiovascular\u00a0<\/strong>i despertar el seu\u00a0<strong>esperit solidari<\/strong>\u00a0envers les persones afectades i les seves fam\u00edlies.<\/p>\n<p>Un dels objectius de La Marat\u00f3 de TV3 i Catalunya R\u00e0dio \u00e9s conscienciar els joves sobre les malalties tractades al programa. Per aconseguir-ho, la Fundaci\u00f3 desplega una intensa campanya de divulgaci\u00f3 i sensibilitzaci\u00f3 adre\u00e7ada als centres educatius que arriba a m\u00e9s de 200.000 joves. Un col\u00b7lectiu format per m\u00e9s de 600 professionals de la salut \u00e9s l&#8217;encarregat de fer la divulgaci\u00f3 impartint al voltant de 5.500 sessions en cada nova edici\u00f3.<\/p>\n<p>&nbsp;<\/p>\n<p><a href=\"https:\/\/agora.xtec.cat\/inslasinia\/wp-content\/uploads\/usu512\/2022\/12\/IMG_4488.jpeg\"><img loading=\"lazy\" decoding=\"async\" class=\"size-large wp-image-5707 aligncenter\" src=\"https:\/\/agora.xtec.cat\/inslasinia\/wp-content\/uploads\/usu512\/2022\/12\/IMG_4488-1024x768.jpeg\" alt=\"\" width=\"1024\" height=\"768\" srcset=\"https:\/\/agora.xtec.cat\/inslasinia\/wp-content\/uploads\/usu512\/2022\/12\/IMG_4488-1024x768.jpeg 1024w, https:\/\/agora.xtec.cat\/inslasinia\/wp-content\/uploads\/usu512\/2022\/12\/IMG_4488-300x225.jpeg 300w, https:\/\/agora.xtec.cat\/inslasinia\/wp-content\/uploads\/usu512\/2022\/12\/IMG_4488-768x576.jpeg 768w, https:\/\/agora.xtec.cat\/inslasinia\/wp-content\/uploads\/usu512\/2022\/12\/IMG_4488-1536x1152.jpeg 1536w, https:\/\/agora.xtec.cat\/inslasinia\/wp-content\/uploads\/usu512\/2022\/12\/IMG_4488-200x150.jpeg 200w, https:\/\/agora.xtec.cat\/inslasinia\/wp-content\/uploads\/usu512\/2022\/12\/IMG_4488.jpeg 2048w\" sizes=\"auto, (max-width: 1024px) 100vw, 1024px\" \/><\/a><\/p>\n<p>Per aquest motiu aquesta setmana sona a l&#8217;entrada i sortida de l&#8217;institut una can\u00e7\u00f3 inclosa en el disc de la Marat\u00f3 anomenada &#8220;Pel cor&#8221; per Macaco, Judit Neddermann i Momi Maiga. <span style=\"font-family: inherit; font-size: 1em;\">Si hi ha alguna cosa que uneix els universos musicals de Macaco i Judit Neddermann \u0096veu de The Gramophone Allstars fins al 2019\u0096 \u00e9s el seu amor pel reggae i els seus derivats sonors d&#8217;origen jamaic\u00e0. Un dels grans exponents d&#8217;aquest estil al continent afric\u00e0 \u00e9s Doumbia Moussa Fakoly, m\u00e9s conegut com a Tiken Jah Fakoly, abanderat de la lluita contra les injust\u00edcies socials des de la Costa d&#8217;Ivori. L&#8217;adaptaci\u00f3 al catal\u00e0 -amb la col\u00b7laboraci\u00f3 del senegal\u00e8s establert a Catalunya Momi Maiga\u0096 converteix una can\u00e7\u00f3 que denuncia l&#8217;apropiaci\u00f3 econ\u00f2mica i cultural d&#8217;Occident del continent afric\u00e0 en un cant antiracista que crida a la igualtat des de la pell del cor.\u00a0<\/span><\/p>\n<p><iframe loading=\"lazy\" src=\"\/\/www.youtube.com\/embed\/0ET5nThkyVw\" width=\"560\" height=\"314\" allowfullscreen=\"allowfullscreen\"><\/iframe><\/p>\n","protected":false},"excerpt":{"rendered":"<p>El dimecres 7 de desembre va venir una professional de la salut a fer la sessi\u00f3 divulgativa en format presencial per acostar els joves a la realitat m\u00e8dica i humana de la salut cardiovascular\u00a0i despertar el seu\u00a0esperit solidari\u00a0envers les persones afectades i les seves fam\u00edlies.<br \/>\nUn&hellip;  <a href=\"https:\/\/agora.xtec.cat\/inslasinia\/general\/campanya-de-difusico-sobre-la-salut-cardiovascular\/\" title=\"Read Campanya de difusi\u00f3 sobre la salut cardiovascular\">Llegeix m\u00e9s\u00bb<\/a><\/p>\n","protected":false},"author":10,"featured_media":5703,"comment_status":"open","ping_status":"closed","sticky":false,"template":"","format":"standard","meta":{"_bbp_topic_count":0,"_bbp_reply_count":0,"_bbp_total_topic_count":0,"_bbp_total_reply_count":0,"_bbp_voice_count":0,"_bbp_anonymous_reply_count":0,"_bbp_topic_count_hidden":0,"_bbp_reply_count_hidden":0,"_bbp_forum_subforum_count":0,"footnotes":""},"categories":[123,1,29],"tags":[],"class_list":["post-5706","post","type-post","status-publish","format-standard","has-post-thumbnail","hentry","category-sona","category-general","category-portada"],"post_mailing_queue_ids":[],"_links":{"self":[{"href":"https:\/\/agora.xtec.cat\/inslasinia\/wp-json\/wp\/v2\/posts\/5706","targetHints":{"allow":["GET"]}}],"collection":[{"href":"https:\/\/agora.xtec.cat\/inslasinia\/wp-json\/wp\/v2\/posts"}],"about":[{"href":"https:\/\/agora.xtec.cat\/inslasinia\/wp-json\/wp\/v2\/types\/post"}],"author":[{"embeddable":true,"href":"https:\/\/agora.xtec.cat\/inslasinia\/wp-json\/wp\/v2\/users\/10"}],"replies":[{"embeddable":true,"href":"https:\/\/agora.xtec.cat\/inslasinia\/wp-json\/wp\/v2\/comments?post=5706"}],"version-history":[{"count":2,"href":"https:\/\/agora.xtec.cat\/inslasinia\/wp-json\/wp\/v2\/posts\/5706\/revisions"}],"predecessor-version":[{"id":5727,"href":"https:\/\/agora.xtec.cat\/inslasinia\/wp-json\/wp\/v2\/posts\/5706\/revisions\/5727"}],"wp:featuredmedia":[{"embeddable":true,"href":"https:\/\/agora.xtec.cat\/inslasinia\/wp-json\/wp\/v2\/media\/5703"}],"wp:attachment":[{"href":"https:\/\/agora.xtec.cat\/inslasinia\/wp-json\/wp\/v2\/media?parent=5706"}],"wp:term":[{"taxonomy":"category","embeddable":true,"href":"https:\/\/agora.xtec.cat\/inslasinia\/wp-json\/wp\/v2\/categories?post=5706"},{"taxonomy":"post_tag","embeddable":true,"href":"https:\/\/agora.xtec.cat\/inslasinia\/wp-json\/wp\/v2\/tags?post=5706"}],"curies":[{"name":"wp","href":"https:\/\/api.w.org\/{rel}","templated":true}]}}