{"id":502,"date":"2016-03-14T10:29:01","date_gmt":"2016-03-14T09:29:01","guid":{"rendered":"http:\/\/agora.xtec.cat\/inslasinia\/?p=502"},"modified":"2016-03-14T10:30:59","modified_gmt":"2016-03-14T09:30:59","slug":"sortida-al-salo-de-lensenyament","status":"publish","type":"post","link":"https:\/\/agora.xtec.cat\/inslasinia\/eso-4\/sortida-al-salo-de-lensenyament\/","title":{"rendered":"Sortida al sal\u00f3 de l\u2019ensenyament"},"content":{"rendered":"<p>L\u2019exposici\u00f3 de l\u2019avinguda Maria Cristina ha estat oberta fins diumenge 13 de mar\u00e7.<\/p>\n<p style=\"text-align: center;\"><a href=\"http:\/\/agora.xtec.cat\/inslasinia\/wp-content\/uploads\/usu512\/2016\/03\/IMG_20160310_112231.jpg\"><img loading=\"lazy\" decoding=\"async\" class=\" wp-image-504 size-medium alignnone\" src=\"http:\/\/agora.xtec.cat\/inslasinia\/wp-content\/uploads\/usu512\/2016\/03\/IMG_20160310_112231-225x300.jpg\" alt=\"IMG_20160310_112231\" width=\"225\" height=\"300\" srcset=\"https:\/\/agora.xtec.cat\/inslasinia\/wp-content\/uploads\/usu512\/2016\/03\/IMG_20160310_112231-225x300.jpg 225w, https:\/\/agora.xtec.cat\/inslasinia\/wp-content\/uploads\/usu512\/2016\/03\/IMG_20160310_112231-768x1024.jpg 768w\" sizes=\"auto, (max-width: 225px) 100vw, 225px\" \/>\u00a0\u00a0\u00a0\u00a0 <\/a><a href=\"http:\/\/agora.xtec.cat\/inslasinia\/wp-content\/uploads\/usu512\/2016\/03\/IMG_1368.jpg\"><img loading=\"lazy\" decoding=\"async\" class=\" wp-image-503 size-medium alignnone\" src=\"http:\/\/agora.xtec.cat\/inslasinia\/wp-content\/uploads\/usu512\/2016\/03\/IMG_1368-300x225.jpg\" alt=\"IMG_1368\" width=\"300\" height=\"225\" srcset=\"https:\/\/agora.xtec.cat\/inslasinia\/wp-content\/uploads\/usu512\/2016\/03\/IMG_1368-300x225.jpg 300w, https:\/\/agora.xtec.cat\/inslasinia\/wp-content\/uploads\/usu512\/2016\/03\/IMG_1368-1024x768.jpg 1024w, https:\/\/agora.xtec.cat\/inslasinia\/wp-content\/uploads\/usu512\/2016\/03\/IMG_1368-200x150.jpg 200w, https:\/\/agora.xtec.cat\/inslasinia\/wp-content\/uploads\/usu512\/2016\/03\/IMG_1368.jpg 1632w\" sizes=\"auto, (max-width: 300px) 100vw, 300px\" \/> \u00a0 \u00a0\u00a0<\/a> <a href=\"http:\/\/agora.xtec.cat\/inslasinia\/wp-content\/uploads\/usu512\/2016\/03\/IMG_20160310_100652.jpg\"><img loading=\"lazy\" decoding=\"async\" class=\"alignnone wp-image-505 size-medium\" src=\"http:\/\/agora.xtec.cat\/inslasinia\/wp-content\/uploads\/usu512\/2016\/03\/IMG_20160310_100652-225x300.jpg\" alt=\"IMG_20160310_100652\" width=\"225\" height=\"300\" srcset=\"https:\/\/agora.xtec.cat\/inslasinia\/wp-content\/uploads\/usu512\/2016\/03\/IMG_20160310_100652-225x300.jpg 225w, https:\/\/agora.xtec.cat\/inslasinia\/wp-content\/uploads\/usu512\/2016\/03\/IMG_20160310_100652-768x1024.jpg 768w\" sizes=\"auto, (max-width: 225px) 100vw, 225px\" \/><\/a><\/p>\n<p>Aquesta setmana passada els nois i noies de quart han visitat el Sal\u00f3 de l\u2019Ensenyament. Un espai on descobrir itineraris acad\u00e8mics, motivacions i interessos culturals. La gran superf\u00edcie disposa d\u2019informaci\u00f3 sobre batxillerat, graus universitaris, estudis superiors, complementaris, formaci\u00f3 professional, art i idiomes.<\/p>\n<p>Els m\u00e9s indecisos van poder rebre orientaci\u00f3 per part de personal del Departament d\u2019Educaci\u00f3 de la Generalitat i de treballadors del portal d\u2019informaci\u00f3 Educaweb. Aquells que tenen la decisi\u00f3 presa aprofitaren el temps per veure a quins graus universitaris tindran acc\u00e9s. I, per \u00faltim, van haver-hi persones que en veure altres opcions van decidir repensar la seva.<\/p>\n<p>La oferta d\u2019acad\u00e8mies i escoles d\u2019estudis ven diversos resultava aclaparadora, per\u00f2 amb tot el jovent informant-se i fent \u2018tastets\u2019 d\u2019activitats (deixar-se tallar el cabell, observar una impressora 3D o modificar un terreny de sorra per veure actuar la \u2018AR Sandbox\u2019), es va crear un ambient d\u2019inter\u00e8s general.<\/p>\n","protected":false},"excerpt":{"rendered":"<p>L\u2019exposici\u00f3 de l\u2019avinguda Maria Cristina ha estat oberta fins diumenge 13 de mar\u00e7.<br \/>\n<a href=\"http:\/\/agora.xtec.cat\/inslasinia\/wp-content\/uploads\/usu512\/2016\/03\/IMG_20160310_112231.jpg\">\u00a0\u00a0\u00a0\u00a0 <\/a><a href=\"http:\/\/agora.xtec.cat\/inslasinia\/wp-content\/uploads\/usu512\/2016\/03\/IMG_1368.jpg\"> \u00a0 \u00a0\u00a0<\/a> <a href=\"http:\/\/agora.xtec.cat\/inslasinia\/wp-content\/uploads\/usu512\/2016\/03\/IMG_20160310_100652.jpg\"><\/a><br \/>\nAquesta setmana passada els nois i noies de quart han visitat el Sal\u00f3 de l\u2019Ensenyament. Un espai on descobrir itineraris acad\u00e8mics, motivacions i interessos culturals. La&hellip;  <a href=\"https:\/\/agora.xtec.cat\/inslasinia\/eso-4\/sortida-al-salo-de-lensenyament\/\" title=\"Read Sortida al sal\u00f3 de l\u2019ensenyament\">Llegeix m\u00e9s\u00bb<\/a><\/p>\n","protected":false},"author":3,"featured_media":503,"comment_status":"open","ping_status":"open","sticky":false,"template":"","format":"standard","meta":{"_bbp_topic_count":0,"_bbp_reply_count":0,"_bbp_total_topic_count":0,"_bbp_total_reply_count":0,"_bbp_voice_count":0,"_bbp_anonymous_reply_count":0,"_bbp_topic_count_hidden":0,"_bbp_reply_count_hidden":0,"_bbp_forum_subforum_count":0,"footnotes":""},"categories":[7,29,81],"tags":[39],"class_list":["post-502","post","type-post","status-publish","format-standard","has-post-thumbnail","hentry","category-eso-4","category-portada","category-sortides","tag-sortides"],"post_mailing_queue_ids":[],"_links":{"self":[{"href":"https:\/\/agora.xtec.cat\/inslasinia\/wp-json\/wp\/v2\/posts\/502","targetHints":{"allow":["GET"]}}],"collection":[{"href":"https:\/\/agora.xtec.cat\/inslasinia\/wp-json\/wp\/v2\/posts"}],"about":[{"href":"https:\/\/agora.xtec.cat\/inslasinia\/wp-json\/wp\/v2\/types\/post"}],"author":[{"embeddable":true,"href":"https:\/\/agora.xtec.cat\/inslasinia\/wp-json\/wp\/v2\/users\/3"}],"replies":[{"embeddable":true,"href":"https:\/\/agora.xtec.cat\/inslasinia\/wp-json\/wp\/v2\/comments?post=502"}],"version-history":[{"count":3,"href":"https:\/\/agora.xtec.cat\/inslasinia\/wp-json\/wp\/v2\/posts\/502\/revisions"}],"predecessor-version":[{"id":508,"href":"https:\/\/agora.xtec.cat\/inslasinia\/wp-json\/wp\/v2\/posts\/502\/revisions\/508"}],"wp:featuredmedia":[{"embeddable":true,"href":"https:\/\/agora.xtec.cat\/inslasinia\/wp-json\/wp\/v2\/media\/503"}],"wp:attachment":[{"href":"https:\/\/agora.xtec.cat\/inslasinia\/wp-json\/wp\/v2\/media?parent=502"}],"wp:term":[{"taxonomy":"category","embeddable":true,"href":"https:\/\/agora.xtec.cat\/inslasinia\/wp-json\/wp\/v2\/categories?post=502"},{"taxonomy":"post_tag","embeddable":true,"href":"https:\/\/agora.xtec.cat\/inslasinia\/wp-json\/wp\/v2\/tags?post=502"}],"curies":[{"name":"wp","href":"https:\/\/api.w.org\/{rel}","templated":true}]}}