{"id":4965,"date":"2022-03-13T22:47:28","date_gmt":"2022-03-13T21:47:28","guid":{"rendered":"https:\/\/agora.xtec.cat\/inslasinia\/?p=4965"},"modified":"2022-03-13T22:47:28","modified_gmt":"2022-03-13T21:47:28","slug":"teatre-fragile-a-can-rajoler","status":"publish","type":"post","link":"https:\/\/agora.xtec.cat\/inslasinia\/eso-3\/teatre-fragile-a-can-rajoler\/","title":{"rendered":"Teatre &#8220;Fragile&#8221; a Can Rajoler"},"content":{"rendered":"<p>Els nois i noies de 3r i 4t d&#8217;ESO han gaudit de l&#8217;espectacle &#8220;Fragile&#8221; al teatre de Can Rajoler.<\/p>\n<p><span data-contrast=\"auto\">La fragilitat tamb\u00e9 pot ser bella i poderosa. LaB\u00fa Teatre ens convida a sentir, a emocionar-nos, a perdre&#8217;ns\u2026 A trav\u00e9s del moviment, dos actors creen quadres visuals suspesos en un espai indefinit i vulnerable. Una reflexi\u00f3, des d\u2019una mirada po\u00e8tica, de la fragilitat humana. A on anem quan caiem de la corda fluixa de la vida, com \u00e9s aquesta fragilitat dins nostre?<\/span><span data-ccp-props=\"{\">\u00a0<\/span><\/p>\n<p><span data-contrast=\"auto\">Fragile \u00e9s la tercera producci\u00f3 de la companyia LaB\u00fa Teatre, un espectacle basat en el moviment i la creaci\u00f3 d\u2019imatges visuals de gran impacte.<\/span><span data-ccp-props=\"{\">\u00a0<\/span><\/p>\n<p><span data-contrast=\"auto\">Un espectacle po\u00e8tic per a tots els p\u00fablics que conduir\u00e0 l\u2019espectador a un estat de lleugeresa i llibertat.<\/span><span data-ccp-props=\"{\">\u00a0<\/span><\/p>\n<p><strong>Un espectacle po\u00e8tic que es converteix en un delicat retrat de la fragilitat.<\/strong><\/p>\n<p><a href=\"https:\/\/agora.xtec.cat\/inslasinia\/wp-content\/uploads\/usu512\/2022\/03\/20c2f075-1c00-4ca9-bda4-19e73ea10757.jpg\"><img loading=\"lazy\" decoding=\"async\" class=\"alignnone size-large wp-image-4966\" src=\"https:\/\/agora.xtec.cat\/inslasinia\/wp-content\/uploads\/usu512\/2022\/03\/20c2f075-1c00-4ca9-bda4-19e73ea10757-768x1024.jpg\" alt=\"\" width=\"768\" height=\"1024\" srcset=\"https:\/\/agora.xtec.cat\/inslasinia\/wp-content\/uploads\/usu512\/2022\/03\/20c2f075-1c00-4ca9-bda4-19e73ea10757-768x1024.jpg 768w, https:\/\/agora.xtec.cat\/inslasinia\/wp-content\/uploads\/usu512\/2022\/03\/20c2f075-1c00-4ca9-bda4-19e73ea10757-225x300.jpg 225w, https:\/\/agora.xtec.cat\/inslasinia\/wp-content\/uploads\/usu512\/2022\/03\/20c2f075-1c00-4ca9-bda4-19e73ea10757-1152x1536.jpg 1152w, https:\/\/agora.xtec.cat\/inslasinia\/wp-content\/uploads\/usu512\/2022\/03\/20c2f075-1c00-4ca9-bda4-19e73ea10757.jpg 1200w\" sizes=\"auto, (max-width: 768px) 100vw, 768px\" \/><\/a><\/p>\n","protected":false},"excerpt":{"rendered":"<p>Els nois i noies de 3r i 4t d&#8217;ESO han gaudit de l&#8217;espectacle &#8220;Fragile&#8221; al teatre de Can Rajoler.<br \/>\nLa fragilitat tamb\u00e9 pot ser bella i poderosa. LaB\u00fa Teatre ens convida a sentir, a emocionar-nos, a perdre&#8217;ns\u2026 A trav\u00e9s del moviment, dos actors creen quadres visuals&hellip;  <a href=\"https:\/\/agora.xtec.cat\/inslasinia\/eso-3\/teatre-fragile-a-can-rajoler\/\" title=\"Read Teatre &#8220;Fragile&#8221; a Can Rajoler\">Llegeix m\u00e9s\u00bb<\/a><\/p>\n","protected":false},"author":10,"featured_media":4967,"comment_status":"open","ping_status":"closed","sticky":false,"template":"","format":"standard","meta":{"_bbp_topic_count":0,"_bbp_reply_count":0,"_bbp_total_topic_count":0,"_bbp_total_reply_count":0,"_bbp_voice_count":0,"_bbp_anonymous_reply_count":0,"_bbp_topic_count_hidden":0,"_bbp_reply_count_hidden":0,"_bbp_forum_subforum_count":0,"footnotes":""},"categories":[6,7,29],"tags":[],"class_list":["post-4965","post","type-post","status-publish","format-standard","has-post-thumbnail","hentry","category-eso-3","category-eso-4","category-portada"],"post_mailing_queue_ids":[],"_links":{"self":[{"href":"https:\/\/agora.xtec.cat\/inslasinia\/wp-json\/wp\/v2\/posts\/4965","targetHints":{"allow":["GET"]}}],"collection":[{"href":"https:\/\/agora.xtec.cat\/inslasinia\/wp-json\/wp\/v2\/posts"}],"about":[{"href":"https:\/\/agora.xtec.cat\/inslasinia\/wp-json\/wp\/v2\/types\/post"}],"author":[{"embeddable":true,"href":"https:\/\/agora.xtec.cat\/inslasinia\/wp-json\/wp\/v2\/users\/10"}],"replies":[{"embeddable":true,"href":"https:\/\/agora.xtec.cat\/inslasinia\/wp-json\/wp\/v2\/comments?post=4965"}],"version-history":[{"count":1,"href":"https:\/\/agora.xtec.cat\/inslasinia\/wp-json\/wp\/v2\/posts\/4965\/revisions"}],"predecessor-version":[{"id":4968,"href":"https:\/\/agora.xtec.cat\/inslasinia\/wp-json\/wp\/v2\/posts\/4965\/revisions\/4968"}],"wp:featuredmedia":[{"embeddable":true,"href":"https:\/\/agora.xtec.cat\/inslasinia\/wp-json\/wp\/v2\/media\/4967"}],"wp:attachment":[{"href":"https:\/\/agora.xtec.cat\/inslasinia\/wp-json\/wp\/v2\/media?parent=4965"}],"wp:term":[{"taxonomy":"category","embeddable":true,"href":"https:\/\/agora.xtec.cat\/inslasinia\/wp-json\/wp\/v2\/categories?post=4965"},{"taxonomy":"post_tag","embeddable":true,"href":"https:\/\/agora.xtec.cat\/inslasinia\/wp-json\/wp\/v2\/tags?post=4965"}],"curies":[{"name":"wp","href":"https:\/\/api.w.org\/{rel}","templated":true}]}}