{"id":4808,"date":"2022-02-02T07:06:34","date_gmt":"2022-02-02T06:06:34","guid":{"rendered":"https:\/\/agora.xtec.cat\/inslasinia\/?p=4808"},"modified":"2022-02-14T08:46:14","modified_gmt":"2022-02-14T07:46:14","slug":"4t-deso-visita-la-model","status":"publish","type":"post","link":"https:\/\/agora.xtec.cat\/inslasinia\/general\/4t-deso-visita-la-model\/","title":{"rendered":"4t d&#8217;ESO visita la pres\u00f3 Model"},"content":{"rendered":"<p>Autora de la not\u00edcia: Ainara Montenegro<\/p>\n<p><i>Els nois i noies de 4t de l&#8217;ESO dimecres passat, 26 de gener, van anar a visitar la pres\u00f3 Model. El Centre Penitenciari d&#8217;Homes va ser una pres\u00f3 situada al barri de la Nova Esquerra de l&#8217;Eixample de Barcelona. La Model \u00e9s el projecte de recuperaci\u00f3 i interpretaci\u00f3 de la hist\u00f2ria del centre penitenciari: visites, xerrades, confer\u00e8ncies i activitats per recordar els 113 anys de funcionament. Al principi, els van fer una explicaci\u00f3 sobre les persones m\u00e9s conegudes que havien passat per aquest centre, com Llu\u00eds Companys i el Vaquilla, uns dels m\u00e9s coneguts. Despr\u00e9s van entrar a veure-ho tot per dins mentre els explicaven m\u00e9s detalls. Va ser incre\u00efble veure on s&#8217;allotjaven, on parlaven amb els seus familiars, el pati de fora, on passaven dia rere dia. Per completar la visita, quan van tornar a la S\u00ednia, van veure un documental titulat &#8220;Sense Ficci\u00f3: 113 anys i un dia&#8221; que els van recomanar.<\/i><\/p>\n<p><a href=\"https:\/\/agora.xtec.cat\/inslasinia\/wp-content\/uploads\/usu512\/2022\/02\/IMG-20220127-WA0004.jpg\"><img loading=\"lazy\" decoding=\"async\" class=\"alignnone size-large wp-image-4809\" src=\"https:\/\/agora.xtec.cat\/inslasinia\/wp-content\/uploads\/usu512\/2022\/02\/IMG-20220127-WA0004-1024x576.jpg\" alt=\"\" width=\"1024\" height=\"576\" srcset=\"https:\/\/agora.xtec.cat\/inslasinia\/wp-content\/uploads\/usu512\/2022\/02\/IMG-20220127-WA0004-1024x576.jpg 1024w, https:\/\/agora.xtec.cat\/inslasinia\/wp-content\/uploads\/usu512\/2022\/02\/IMG-20220127-WA0004-300x169.jpg 300w, https:\/\/agora.xtec.cat\/inslasinia\/wp-content\/uploads\/usu512\/2022\/02\/IMG-20220127-WA0004-768x432.jpg 768w, https:\/\/agora.xtec.cat\/inslasinia\/wp-content\/uploads\/usu512\/2022\/02\/IMG-20220127-WA0004-1536x864.jpg 1536w, https:\/\/agora.xtec.cat\/inslasinia\/wp-content\/uploads\/usu512\/2022\/02\/IMG-20220127-WA0004.jpg 2048w\" sizes=\"auto, (max-width: 1024px) 100vw, 1024px\" \/><\/a><\/p>\n","protected":false},"excerpt":{"rendered":"<p>Autora de la not\u00edcia: Ainara Montenegro<br \/>\nEls nois i noies de 4t de l&#8217;ESO dimecres passat, 26 de gener, van anar a visitar la pres\u00f3 Model. El Centre Penitenciari d&#8217;Homes va ser una pres\u00f3 situada al barri de la Nova Esquerra de l&#8217;Eixample de Barcelona. La&hellip;  <a href=\"https:\/\/agora.xtec.cat\/inslasinia\/general\/4t-deso-visita-la-model\/\" title=\"Read 4t d&#8217;ESO visita la pres\u00f3 Model\">Llegeix m\u00e9s\u00bb<\/a><\/p>\n","protected":false},"author":10,"featured_media":4809,"comment_status":"open","ping_status":"closed","sticky":false,"template":"","format":"standard","meta":{"_bbp_topic_count":0,"_bbp_reply_count":0,"_bbp_total_topic_count":0,"_bbp_total_reply_count":0,"_bbp_voice_count":0,"_bbp_anonymous_reply_count":0,"_bbp_topic_count_hidden":0,"_bbp_reply_count_hidden":0,"_bbp_forum_subforum_count":0,"footnotes":""},"categories":[7,1,29,81],"tags":[],"class_list":["post-4808","post","type-post","status-publish","format-standard","has-post-thumbnail","hentry","category-eso-4","category-general","category-portada","category-sortides"],"post_mailing_queue_ids":[],"_links":{"self":[{"href":"https:\/\/agora.xtec.cat\/inslasinia\/wp-json\/wp\/v2\/posts\/4808","targetHints":{"allow":["GET"]}}],"collection":[{"href":"https:\/\/agora.xtec.cat\/inslasinia\/wp-json\/wp\/v2\/posts"}],"about":[{"href":"https:\/\/agora.xtec.cat\/inslasinia\/wp-json\/wp\/v2\/types\/post"}],"author":[{"embeddable":true,"href":"https:\/\/agora.xtec.cat\/inslasinia\/wp-json\/wp\/v2\/users\/10"}],"replies":[{"embeddable":true,"href":"https:\/\/agora.xtec.cat\/inslasinia\/wp-json\/wp\/v2\/comments?post=4808"}],"version-history":[{"count":3,"href":"https:\/\/agora.xtec.cat\/inslasinia\/wp-json\/wp\/v2\/posts\/4808\/revisions"}],"predecessor-version":[{"id":4823,"href":"https:\/\/agora.xtec.cat\/inslasinia\/wp-json\/wp\/v2\/posts\/4808\/revisions\/4823"}],"wp:featuredmedia":[{"embeddable":true,"href":"https:\/\/agora.xtec.cat\/inslasinia\/wp-json\/wp\/v2\/media\/4809"}],"wp:attachment":[{"href":"https:\/\/agora.xtec.cat\/inslasinia\/wp-json\/wp\/v2\/media?parent=4808"}],"wp:term":[{"taxonomy":"category","embeddable":true,"href":"https:\/\/agora.xtec.cat\/inslasinia\/wp-json\/wp\/v2\/categories?post=4808"},{"taxonomy":"post_tag","embeddable":true,"href":"https:\/\/agora.xtec.cat\/inslasinia\/wp-json\/wp\/v2\/tags?post=4808"}],"curies":[{"name":"wp","href":"https:\/\/api.w.org\/{rel}","templated":true}]}}