{"id":350,"date":"2015-11-19T14:08:20","date_gmt":"2015-11-19T13:08:20","guid":{"rendered":"http:\/\/agora.xtec.cat\/inslasinia\/?p=350"},"modified":"2015-11-19T19:22:44","modified_gmt":"2015-11-19T18:22:44","slug":"setmana-de-la-ciencia-a-linstitut-la-sinia","status":"publish","type":"post","link":"https:\/\/agora.xtec.cat\/inslasinia\/general\/setmana-de-la-ciencia-a-linstitut-la-sinia\/","title":{"rendered":"Setmana de la ci\u00e8ncia a L&#8217;institut \u201cLA S\u00cdNIA\u201d"},"content":{"rendered":"<p style=\"text-align: justify;\">La setmana vinent, a banda de les sessions de classe habituals i les sortides programades (1r i 4t ESO), hem organitzat una s\u00e8rie de xerrades\/tallers de caire cient\u00edfic a c\u00e0rrec del fam\u00f3s professor, experimentador, escriptor i divulgador cient\u00edfic MARC BOADA FERRER, que segur que reconeixereu per la seva participaci\u00f3 en programes de televisi\u00f3 com el<a href=\"http:\/\/blogs.ccma.cat\/quequicom.php?itemid=29127\" target=\"_blank\"> <strong>Qu\u00e8QuiCom de TV3<\/strong>,<\/a> que sovint hem utilitzat en algunes classes.<\/p>\n<p style=\"text-align: justify;\">Cada dia de la setmana vinent el professor Marc Boada vindr\u00e0 al nostre Institut i far\u00e0 xerrades\/tallers d\u2019<strong>una hora <\/strong>per a cada grup-classe.<\/p>\n<table style=\"height: 214px;\" width=\"657\">\n<tbody>\n<tr>\n<td>Dilluns 23\/11<\/td>\n<td>1r ESO\u00a0\u00a0 Xerrada\/taller: \u00a0\u00a0\u00a0\u201cMale\u00eft CO2\u201d<\/td>\n<td>\u00a0Biblioteca<\/td>\n<td rowspan=\"4\"><a href=\"http:\/\/agora.xtec.cat\/inslasinia\/wp-content\/uploads\/usu512\/2015\/10\/Boada.jpg\"><img loading=\"lazy\" decoding=\"async\" class=\"  wp-image-348 aligncenter\" src=\"http:\/\/agora.xtec.cat\/inslasinia\/wp-content\/uploads\/usu512\/2015\/10\/Boada.jpg\" alt=\"\" width=\"154\" height=\"170\" \/><\/a><\/td>\n<\/tr>\n<tr>\n<td>Dimarts 24\/11<\/td>\n<td>2n ESO\u00a0 Xerrada\/Taller:\u00a0\u00a0 \u201cMotorets\u201d<\/td>\n<td>Laboratori<\/td>\n<\/tr>\n<tr>\n<td>Dimecres 25\/11<\/td>\n<td>3r ESO\u00a0\u00a0 Xerrada\/Taller:\u00a0\u00a0 \u201cMotorets\u201d<\/td>\n<td>Laboratori<\/td>\n<\/tr>\n<tr>\n<td>Dijous 26\/11<\/td>\n<td>4t ESO\u00a0\u00a0 Xerrada\/Taller:\u00a0\u00a0 \u201cL\u2019espectre electromagn\u00e8tic\u201d<\/td>\n<td>Biblioteca<\/td>\n<\/tr>\n<\/tbody>\n<\/table>\n<p>Explicaci\u00f3 dels tallers:<\/p>\n<p><strong>\u201cMale\u00eft carboni\u201d<\/strong><\/p>\n<p style=\"text-align: justify;\"><em>Ens encanta el carboni, i fer CO<sub>2<\/sub> \u00e9s una de les activitats predilectes dels \u00e9ssers humans! En aq<\/em><em>uesta xerrada descobrirem d\u2019on ens ve aquesta afici\u00f3 al carboni, podrem veure i tocar tota mena de combustibles, i ens endinsarem en el m\u00f3n de l\u2019energia per cercar solucions m\u00e9s sostenibles i menys productores del male\u00eft CO<sub>2<\/sub>.<\/em><\/p>\n<p style=\"text-align: justify;\"><strong>\u201cMotorets\u201d<\/strong><\/p>\n<p style=\"text-align: justify;\"><em>Taller manipulatiu on els participants construiran objectes m\u00f2bils i escultures cin\u00e8tiques amb materials b\u00e0sics com: motors, piles, fils el\u00e8ctrics i colors. Un taller transversal que explora les fronteres entre l\u2019art i la t\u00e8cnica.<\/em><\/p>\n<p style=\"text-align: justify;\"><strong>\u201cL\u2019espectre electromagn\u00e8tic\u201d<\/strong><\/p>\n<p style=\"text-align: justify;\"><em>Existeix un consens general sobre l\u2019extraordin\u00e0ria pot\u00e8ncia intel\u00b7le<\/em><em>ctual de la taula peri\u00f2dica dels elements, per\u00f2 tamb\u00e9 n\u2019existeix una per a les radiacions electromagn\u00e8tiques. Durant dues d\u00e8cades, el Marc Boada, ha localitzat els emissors de les principals radiacions, des de les ones de r\u00e0dio de baixa freq\u00fc\u00e8ncia als raigs gamma. Ara disposa d\u2019un espectre ta<\/em><em>ngible i real com a material pedag\u00f2gic excepcional per introduir a classe un fenomen tan extens i divers com el de les r<\/em><em>adiacions, per copsar la seva import\u00e0ncia per a la nostra civilitzaci\u00f3.<\/em><\/p>\n<p style=\"text-align: justify;\"><img loading=\"lazy\" decoding=\"async\" class=\"  wp-image-347 aligncenter\" src=\"http:\/\/agora.xtec.cat\/inslasinia\/wp-content\/uploads\/usu512\/2015\/10\/b.jpg\" alt=\"\" width=\"323\" height=\"216\" srcset=\"https:\/\/agora.xtec.cat\/inslasinia\/wp-content\/uploads\/usu512\/2015\/10\/b.jpg 413w, https:\/\/agora.xtec.cat\/inslasinia\/wp-content\/uploads\/usu512\/2015\/10\/b-300x200.jpg 300w\" sizes=\"auto, (max-width: 323px) 100vw, 323px\" \/><\/p>\n<p style=\"text-align: justify;\">Per acabar aquesta Setmana de Ci\u00e8ncia, el divendres 27\/11 ens oferir\u00e0 un <strong>espectacle de ci\u00e8ncia teatralitzada<\/strong> a la Sala de Can Rajoler, per a tots els alumnes del centre. Aquest espectacle es titula <strong>\u201cMat\u00e8ria lluminosa\u201d<\/strong> i ha estat desenvolupat per l\u2019Associaci\u00f3 per a la difusi\u00f3 del coneixement cient\u00edfic <a href=\"http:\/\/www.pendulum.es\/\" target=\"_blank\"><strong><em>PENDULUM<\/em><\/strong> <\/a>(Marc Boada i Moira Costa) en aquest 2015 que la UNESCO ha designat com a \u201c<a href=\"http:\/\/www.light2015.org\/Home.html\" target=\"_blank\">Any Internacional de la Llum<\/a>\u201d.<\/p>\n<p style=\"text-align: justify;\">\n<p style=\"text-align: justify;\">\n","protected":false},"excerpt":{"rendered":"<p>La setmana vinent, a banda de les sessions de classe habituals i les sortides programades (1r i 4t ESO), hem organitzat una s\u00e8rie de xerrades\/tallers de caire cient\u00edfic a c\u00e0rrec del fam\u00f3s professor, experimentador, escriptor i divulgador cient\u00edfic MARC BOADA FERRER, que segur que reconeixereu&hellip;  <a href=\"https:\/\/agora.xtec.cat\/inslasinia\/general\/setmana-de-la-ciencia-a-linstitut-la-sinia\/\" title=\"Read Setmana de la ci\u00e8ncia a L&#8217;institut \u201cLA S\u00cdNIA\u201d\">Llegeix m\u00e9s\u00bb<\/a><\/p>\n","protected":false},"author":1,"featured_media":348,"comment_status":"open","ping_status":"open","sticky":false,"template":"","format":"standard","meta":{"_bbp_topic_count":0,"_bbp_reply_count":0,"_bbp_total_topic_count":0,"_bbp_total_reply_count":0,"_bbp_voice_count":0,"_bbp_anonymous_reply_count":0,"_bbp_topic_count_hidden":0,"_bbp_reply_count_hidden":0,"_bbp_forum_subforum_count":0,"footnotes":""},"categories":[1,29],"tags":[72,71,58],"class_list":["post-350","post","type-post","status-publish","format-standard","has-post-thumbnail","hentry","category-general","category-portada","tag-ciencia","tag-conferencies","tag-tallers"],"post_mailing_queue_ids":[],"_links":{"self":[{"href":"https:\/\/agora.xtec.cat\/inslasinia\/wp-json\/wp\/v2\/posts\/350","targetHints":{"allow":["GET"]}}],"collection":[{"href":"https:\/\/agora.xtec.cat\/inslasinia\/wp-json\/wp\/v2\/posts"}],"about":[{"href":"https:\/\/agora.xtec.cat\/inslasinia\/wp-json\/wp\/v2\/types\/post"}],"author":[{"embeddable":true,"href":"https:\/\/agora.xtec.cat\/inslasinia\/wp-json\/wp\/v2\/users\/1"}],"replies":[{"embeddable":true,"href":"https:\/\/agora.xtec.cat\/inslasinia\/wp-json\/wp\/v2\/comments?post=350"}],"version-history":[{"count":4,"href":"https:\/\/agora.xtec.cat\/inslasinia\/wp-json\/wp\/v2\/posts\/350\/revisions"}],"predecessor-version":[{"id":359,"href":"https:\/\/agora.xtec.cat\/inslasinia\/wp-json\/wp\/v2\/posts\/350\/revisions\/359"}],"wp:featuredmedia":[{"embeddable":true,"href":"https:\/\/agora.xtec.cat\/inslasinia\/wp-json\/wp\/v2\/media\/348"}],"wp:attachment":[{"href":"https:\/\/agora.xtec.cat\/inslasinia\/wp-json\/wp\/v2\/media?parent=350"}],"wp:term":[{"taxonomy":"category","embeddable":true,"href":"https:\/\/agora.xtec.cat\/inslasinia\/wp-json\/wp\/v2\/categories?post=350"},{"taxonomy":"post_tag","embeddable":true,"href":"https:\/\/agora.xtec.cat\/inslasinia\/wp-json\/wp\/v2\/tags?post=350"}],"curies":[{"name":"wp","href":"https:\/\/api.w.org\/{rel}","templated":true}]}}