{"id":3410,"date":"2020-11-30T09:52:38","date_gmt":"2020-11-30T08:52:38","guid":{"rendered":"http:\/\/agora.xtec.cat\/inslasinia\/?p=3410"},"modified":"2020-11-30T09:52:38","modified_gmt":"2020-11-30T08:52:38","slug":"dia-internacional-per-a-leliminacio-de-la-violencia-envers-les-dones","status":"publish","type":"post","link":"https:\/\/agora.xtec.cat\/inslasinia\/portada\/dia-internacional-per-a-leliminacio-de-la-violencia-envers-les-dones\/","title":{"rendered":"Dia internacional per a l\u2019eliminaci\u00f3 de la viol\u00e8ncia envers les dones"},"content":{"rendered":"<p>Des de tots els nivells, dimecres 25 de novembre Dia Internacional per a l&#8217;eliminaci\u00f3 de la viol\u00e8ncia envers les dones, s&#8217;han estat treballant diverses activitats de conscienciaci\u00f3 emmarcades en la campanya #malamente. Afegit a la sensibilitzaci\u00f3, aquesta setmana ha sonat com a m\u00fasica d&#8217;entrada la can\u00e7\u00f3 &#8220;Este cuerpo es m\u00edo&#8221; de Rebeca Lane.<\/p>\n","protected":false},"excerpt":{"rendered":"<p>Des de tots els nivells, dimecres 25 de novembre Dia Internacional per a l&#8217;eliminaci\u00f3 de la viol\u00e8ncia envers les dones, s&#8217;han estat treballant diverses activitats de conscienciaci\u00f3 emmarcades en la campanya #malamente. Afegit a la sensibilitzaci\u00f3, aquesta setmana ha sonat com a m\u00fasica d&#8217;entrada la&hellip;  <a href=\"https:\/\/agora.xtec.cat\/inslasinia\/portada\/dia-internacional-per-a-leliminacio-de-la-violencia-envers-les-dones\/\" title=\"Read Dia internacional per a l\u2019eliminaci\u00f3 de la viol\u00e8ncia envers les dones\">Llegeix m\u00e9s\u00bb<\/a><\/p>\n","protected":false},"author":10,"featured_media":3411,"comment_status":"open","ping_status":"closed","sticky":false,"template":"","format":"standard","meta":{"_bbp_topic_count":0,"_bbp_reply_count":0,"_bbp_total_topic_count":0,"_bbp_total_reply_count":0,"_bbp_voice_count":0,"_bbp_anonymous_reply_count":0,"_bbp_topic_count_hidden":0,"_bbp_reply_count_hidden":0,"_bbp_forum_subforum_count":0,"footnotes":""},"categories":[29],"tags":[],"class_list":["post-3410","post","type-post","status-publish","format-standard","has-post-thumbnail","hentry","category-portada"],"post_mailing_queue_ids":[],"_links":{"self":[{"href":"https:\/\/agora.xtec.cat\/inslasinia\/wp-json\/wp\/v2\/posts\/3410","targetHints":{"allow":["GET"]}}],"collection":[{"href":"https:\/\/agora.xtec.cat\/inslasinia\/wp-json\/wp\/v2\/posts"}],"about":[{"href":"https:\/\/agora.xtec.cat\/inslasinia\/wp-json\/wp\/v2\/types\/post"}],"author":[{"embeddable":true,"href":"https:\/\/agora.xtec.cat\/inslasinia\/wp-json\/wp\/v2\/users\/10"}],"replies":[{"embeddable":true,"href":"https:\/\/agora.xtec.cat\/inslasinia\/wp-json\/wp\/v2\/comments?post=3410"}],"version-history":[{"count":1,"href":"https:\/\/agora.xtec.cat\/inslasinia\/wp-json\/wp\/v2\/posts\/3410\/revisions"}],"predecessor-version":[{"id":3412,"href":"https:\/\/agora.xtec.cat\/inslasinia\/wp-json\/wp\/v2\/posts\/3410\/revisions\/3412"}],"wp:featuredmedia":[{"embeddable":true,"href":"https:\/\/agora.xtec.cat\/inslasinia\/wp-json\/wp\/v2\/media\/3411"}],"wp:attachment":[{"href":"https:\/\/agora.xtec.cat\/inslasinia\/wp-json\/wp\/v2\/media?parent=3410"}],"wp:term":[{"taxonomy":"category","embeddable":true,"href":"https:\/\/agora.xtec.cat\/inslasinia\/wp-json\/wp\/v2\/categories?post=3410"},{"taxonomy":"post_tag","embeddable":true,"href":"https:\/\/agora.xtec.cat\/inslasinia\/wp-json\/wp\/v2\/tags?post=3410"}],"curies":[{"name":"wp","href":"https:\/\/api.w.org\/{rel}","templated":true}]}}