{"id":321,"date":"2015-11-10T22:30:28","date_gmt":"2015-11-10T21:30:28","guid":{"rendered":"http:\/\/agora.xtec.cat\/inslasinia\/?p=321"},"modified":"2015-11-10T22:35:25","modified_gmt":"2015-11-10T21:35:25","slug":"taller-per-a-les-families","status":"publish","type":"post","link":"https:\/\/agora.xtec.cat\/inslasinia\/general\/taller-per-a-les-families\/","title":{"rendered":"Taller per a les fam\u00edlies"},"content":{"rendered":"<figure class=\"figure wp-caption aligncenter\"><a href=\"http:\/\/agora.xtec.cat\/inslasinia\/wp-content\/uploads\/usu512\/2015\/11\/Xerrada-TIC-14052015.jpg\"><img loading=\"lazy\" decoding=\"async\" class=\"wp-image-324 size-medium\" src=\"http:\/\/agora.xtec.cat\/inslasinia\/wp-content\/uploads\/usu512\/2015\/11\/Xerrada-TIC-14052015-300x225.jpg\" alt=\"Xerrada TIC 14052015\" width=\"300\" height=\"225\" srcset=\"https:\/\/agora.xtec.cat\/inslasinia\/wp-content\/uploads\/usu512\/2015\/11\/Xerrada-TIC-14052015-300x225.jpg 300w, https:\/\/agora.xtec.cat\/inslasinia\/wp-content\/uploads\/usu512\/2015\/11\/Xerrada-TIC-14052015-200x150.jpg 200w, https:\/\/agora.xtec.cat\/inslasinia\/wp-content\/uploads\/usu512\/2015\/11\/Xerrada-TIC-14052015.jpg 600w\" sizes=\"auto, (max-width: 300px) 100vw, 300px\" \/><\/a><figcaption class=\"wp-caption-text\">Xerrada &#8220;Tecnologies: seguretat i l\u00edmits&#8221; Rafa Picazo 14maig2015<\/figcaption><\/figure>\n<p>Enmarcat en el tema de treball <em>&#8220;<a href=\"http:\/\/www.parets.cat\/temes\/educacio\/accions-educatives-amb-participacio-ciudadana\/familia-i-municipi\/xef\/com-es-organitzem\" target=\"_blank\">Aprenem en fam\u00edlia a fer un \u00fas segur i saludable de la tecnologia, dispositius m\u00f2bils i internet<\/a>&#8220;<\/em> la XEF organitza el taller <em>&#8220;Estrat\u00e8gia familiar en l&#8217;\u00fas m\u00e9s segur d&#8217;internet i les xarxes socials&#8221;.<\/em><\/p>\n<p>Aquest taller per les fam\u00edlies es realitzar\u00e0 el proper 26 de novembre (compte que han canviat la data!) al nostre institut. Treballareu amb un ordinador facilitat per l&#8217;organitzaci\u00f3 i us recomanen vindre acompanyats dels vostres fills i filles.<img loading=\"lazy\" decoding=\"async\" class=\" alignright\" src=\"http:\/\/www.parets.cat\/imatge\/7132\/globus%20debat%20info%20XEF.png?amplada-maxima=750\" alt=\"\" width=\"220\" height=\"173\" \/><\/p>\n<p>Per a m\u00e9s informaci\u00f3 podeu consultar b\u00e9 el <a href=\"http:\/\/www.parets.cat\/fitxer\/7312\/2015_Cartell%20taller_%C3%BAs%20m%C3%A9s%20segur%20internet.pdf\" target=\"_blank\">cartell informatiu<\/a> o b\u00e9 la p\u00e0gina de la <a href=\"http:\/\/www.parets.cat\/temes\/educacio\/accions-educatives-amb-participacio-ciudadana\/familia-i-municipi\/xef\" target=\"_blank\">XEF<\/a> (que ja hem referenciat en la nostra secci\u00f3 de Co\u0140laboracions i afinitats). Tamb\u00e9 us pot ser \u00fatil consultar-ne el <a href=\"http:\/\/www.parets.cat\/temes\/educacio\/accions-educatives-amb-participacio-ciudadana\/familia-i-municipi\/xef\/agenda\" target=\"_blank\">calendari<\/a> de les activitats.<\/p>\n<p>Us esperem!<\/p>\n","protected":false},"excerpt":{"rendered":"<p><a href=\"http:\/\/agora.xtec.cat\/inslasinia\/wp-content\/uploads\/usu512\/2015\/11\/Xerrada-TIC-14052015.jpg\"><\/a>Xerrada &#8220;Tecnologies: seguretat i l\u00edmits&#8221; Rafa Picazo 14maig2015<br \/>\nEnmarcat en el tema de treball &#8220;<a href=\"http:\/\/www.parets.cat\/temes\/educacio\/accions-educatives-amb-participacio-ciudadana\/familia-i-municipi\/xef\/com-es-organitzem\" target=\"_blank\">Aprenem en fam\u00edlia a fer un \u00fas segur i saludable de la tecnologia, dispositius m\u00f2bils i internet<\/a>&#8220; la XEF organitza el taller &#8220;Estrat\u00e8gia familiar en l&#8217;\u00fas m\u00e9s segur d&#8217;internet&hellip;  <a href=\"https:\/\/agora.xtec.cat\/inslasinia\/general\/taller-per-a-les-families\/\" title=\"Read Taller per a les fam\u00edlies\">Llegeix m\u00e9s\u00bb<\/a><\/p>\n","protected":false},"author":3,"featured_media":324,"comment_status":"open","ping_status":"open","sticky":false,"template":"","format":"standard","meta":{"_bbp_topic_count":0,"_bbp_reply_count":0,"_bbp_total_topic_count":0,"_bbp_total_reply_count":0,"_bbp_voice_count":0,"_bbp_anonymous_reply_count":0,"_bbp_topic_count_hidden":0,"_bbp_reply_count_hidden":0,"_bbp_forum_subforum_count":0,"footnotes":""},"categories":[31,1,29],"tags":[69,58,68],"class_list":["post-321","post","type-post","status-publish","format-standard","has-post-thumbnail","hentry","category-afa","category-general","category-portada","tag-families","tag-tallers","tag-xef"],"post_mailing_queue_ids":[],"_links":{"self":[{"href":"https:\/\/agora.xtec.cat\/inslasinia\/wp-json\/wp\/v2\/posts\/321","targetHints":{"allow":["GET"]}}],"collection":[{"href":"https:\/\/agora.xtec.cat\/inslasinia\/wp-json\/wp\/v2\/posts"}],"about":[{"href":"https:\/\/agora.xtec.cat\/inslasinia\/wp-json\/wp\/v2\/types\/post"}],"author":[{"embeddable":true,"href":"https:\/\/agora.xtec.cat\/inslasinia\/wp-json\/wp\/v2\/users\/3"}],"replies":[{"embeddable":true,"href":"https:\/\/agora.xtec.cat\/inslasinia\/wp-json\/wp\/v2\/comments?post=321"}],"version-history":[{"count":2,"href":"https:\/\/agora.xtec.cat\/inslasinia\/wp-json\/wp\/v2\/posts\/321\/revisions"}],"predecessor-version":[{"id":325,"href":"https:\/\/agora.xtec.cat\/inslasinia\/wp-json\/wp\/v2\/posts\/321\/revisions\/325"}],"wp:featuredmedia":[{"embeddable":true,"href":"https:\/\/agora.xtec.cat\/inslasinia\/wp-json\/wp\/v2\/media\/324"}],"wp:attachment":[{"href":"https:\/\/agora.xtec.cat\/inslasinia\/wp-json\/wp\/v2\/media?parent=321"}],"wp:term":[{"taxonomy":"category","embeddable":true,"href":"https:\/\/agora.xtec.cat\/inslasinia\/wp-json\/wp\/v2\/categories?post=321"},{"taxonomy":"post_tag","embeddable":true,"href":"https:\/\/agora.xtec.cat\/inslasinia\/wp-json\/wp\/v2\/tags?post=321"}],"curies":[{"name":"wp","href":"https:\/\/api.w.org\/{rel}","templated":true}]}}