{"id":316,"date":"2015-11-06T19:55:04","date_gmt":"2015-11-06T18:55:04","guid":{"rendered":"http:\/\/agora.xtec.cat\/inslasinia\/?p=316"},"modified":"2015-11-06T19:55:04","modified_gmt":"2015-11-06T18:55:04","slug":"ens-visiten-boban-minic-i-dina-kurtagic","status":"publish","type":"post","link":"https:\/\/agora.xtec.cat\/inslasinia\/eso-3\/ens-visiten-boban-minic-i-dina-kurtagic\/","title":{"rendered":"Ens visiten Boban Minic i Dina Kurtagic"},"content":{"rendered":"<p>Dijous passat, 5 de novembre, els estudiants del PTI de tercer que estan estudiant el conflicte dels Balcans van rebre una visita molt especial: Boban Minic i la seua dona Mina ens van explicar la seua viv\u00e8ncia a la Guerra dels Balcans.<\/p>\n<p><a href=\"http:\/\/agora.xtec.cat\/inslasinia\/wp-content\/uploads\/usu512\/2015\/11\/IMG_20151105_135803.jpg\"><img loading=\"lazy\" decoding=\"async\" class=\"aligncenter wp-image-317 size-medium\" src=\"http:\/\/agora.xtec.cat\/inslasinia\/wp-content\/uploads\/usu512\/2015\/11\/IMG_20151105_135803-300x225.jpg\" alt=\"IMG_20151105_135803\" width=\"300\" height=\"225\" srcset=\"https:\/\/agora.xtec.cat\/inslasinia\/wp-content\/uploads\/usu512\/2015\/11\/IMG_20151105_135803-300x225.jpg 300w, https:\/\/agora.xtec.cat\/inslasinia\/wp-content\/uploads\/usu512\/2015\/11\/IMG_20151105_135803-1024x768.jpg 1024w, https:\/\/agora.xtec.cat\/inslasinia\/wp-content\/uploads\/usu512\/2015\/11\/IMG_20151105_135803-200x150.jpg 200w\" sizes=\"auto, (max-width: 300px) 100vw, 300px\" \/><\/a><\/p>\n<p>Primer van fugir de l&#8217;horrible setge a Sarajevo Dina amb els seus fills. Fins a arribar, despr\u00e9s d&#8217;un llarg viatge fins a Catalunya, on van ser acollits i encara viuen. Boban, que va arribar a Catalunya un any m\u00e9s tard, va fer m\u00e9s lleugera (si es pot) la vida dels seus ve\u00efns amb l&#8217;\u00fanica arma que disposava: la seua veu, des de Radio Sarajevo.<\/p>\n<p>Conta la seua hist\u00f2ria al llibre <a href=\"http:\/\/www.icariaeditorial.com\/autor_detallado.php?id=2388\" target=\"_blank\"><em>Bienvenido a Sarajevo, hermano<\/em><\/a>, del que s&#8217;ha inspirat el documental <em><a href=\"http:\/\/www.goodnightsarajevo.com\/\" target=\"_blank\">Goog night, Sarajevo<\/a><\/em>. Divendres mateix marxaven a presentar el documental a La Haya. Esperem que els hi vaja molt b\u00e9!<\/p>\n<p><a href=\"http:\/\/agora.xtec.cat\/inslasinia\/wp-content\/uploads\/usu512\/2015\/11\/IMG_20151105_135832.jpg\"><img loading=\"lazy\" decoding=\"async\" class=\" wp-image-318 size-medium alignnone\" src=\"http:\/\/agora.xtec.cat\/inslasinia\/wp-content\/uploads\/usu512\/2015\/11\/IMG_20151105_135832-300x225.jpg\" alt=\"IMG_20151105_135832\" width=\"300\" height=\"225\" srcset=\"https:\/\/agora.xtec.cat\/inslasinia\/wp-content\/uploads\/usu512\/2015\/11\/IMG_20151105_135832-300x225.jpg 300w, https:\/\/agora.xtec.cat\/inslasinia\/wp-content\/uploads\/usu512\/2015\/11\/IMG_20151105_135832-1024x768.jpg 1024w, https:\/\/agora.xtec.cat\/inslasinia\/wp-content\/uploads\/usu512\/2015\/11\/IMG_20151105_135832-200x150.jpg 200w\" sizes=\"auto, (max-width: 300px) 100vw, 300px\" \/><\/a> <a href=\"http:\/\/agora.xtec.cat\/inslasinia\/wp-content\/uploads\/usu512\/2015\/11\/IMG_20151105_150319.jpg\"><img loading=\"lazy\" decoding=\"async\" class=\"alignright wp-image-319 size-medium\" src=\"http:\/\/agora.xtec.cat\/inslasinia\/wp-content\/uploads\/usu512\/2015\/11\/IMG_20151105_150319-300x225.jpg\" alt=\"IMG_20151105_150319\" width=\"300\" height=\"225\" srcset=\"https:\/\/agora.xtec.cat\/inslasinia\/wp-content\/uploads\/usu512\/2015\/11\/IMG_20151105_150319-300x225.jpg 300w, https:\/\/agora.xtec.cat\/inslasinia\/wp-content\/uploads\/usu512\/2015\/11\/IMG_20151105_150319-1024x768.jpg 1024w, https:\/\/agora.xtec.cat\/inslasinia\/wp-content\/uploads\/usu512\/2015\/11\/IMG_20151105_150319-200x150.jpg 200w\" sizes=\"auto, (max-width: 300px) 100vw, 300px\" \/><\/a><\/p>\n<p>Per als estudiants, l&#8217;experi\u00e8ncia ha estat molt intensa. Els hi van fer una entrevista i, a la xerrada, es van interessar molt per la seua experi\u00e8ncia fent-los moltes preguntes.<\/p>\n<p>Gr\u00e0cies a tots!<\/p>\n","protected":false},"excerpt":{"rendered":"<p>Dijous passat, 5 de novembre, els estudiants del PTI de tercer que estan estudiant el conflicte dels Balcans van rebre una visita molt especial: Boban Minic i la seua dona Mina ens van explicar la seua viv\u00e8ncia a la Guerra dels Balcans.<br \/>\n<a href=\"http:\/\/agora.xtec.cat\/inslasinia\/wp-content\/uploads\/usu512\/2015\/11\/IMG_20151105_135803.jpg\"><\/a><br \/>\nPrimer van fugir&hellip;  <a href=\"https:\/\/agora.xtec.cat\/inslasinia\/eso-3\/ens-visiten-boban-minic-i-dina-kurtagic\/\" title=\"Read Ens visiten Boban Minic i Dina Kurtagic\">Llegeix m\u00e9s\u00bb<\/a><\/p>\n","protected":false},"author":3,"featured_media":317,"comment_status":"open","ping_status":"open","sticky":false,"template":"","format":"standard","meta":{"_bbp_topic_count":0,"_bbp_reply_count":0,"_bbp_total_topic_count":0,"_bbp_total_reply_count":0,"_bbp_voice_count":0,"_bbp_anonymous_reply_count":0,"_bbp_topic_count_hidden":0,"_bbp_reply_count_hidden":0,"_bbp_forum_subforum_count":0,"footnotes":""},"categories":[6,29,63],"tags":[66,64,44],"class_list":["post-316","post","type-post","status-publish","format-standard","has-post-thumbnail","hentry","category-eso-3","category-portada","category-pti","tag-3r-deso","tag-pti","tag-xerrades"],"post_mailing_queue_ids":[],"_links":{"self":[{"href":"https:\/\/agora.xtec.cat\/inslasinia\/wp-json\/wp\/v2\/posts\/316","targetHints":{"allow":["GET"]}}],"collection":[{"href":"https:\/\/agora.xtec.cat\/inslasinia\/wp-json\/wp\/v2\/posts"}],"about":[{"href":"https:\/\/agora.xtec.cat\/inslasinia\/wp-json\/wp\/v2\/types\/post"}],"author":[{"embeddable":true,"href":"https:\/\/agora.xtec.cat\/inslasinia\/wp-json\/wp\/v2\/users\/3"}],"replies":[{"embeddable":true,"href":"https:\/\/agora.xtec.cat\/inslasinia\/wp-json\/wp\/v2\/comments?post=316"}],"version-history":[{"count":1,"href":"https:\/\/agora.xtec.cat\/inslasinia\/wp-json\/wp\/v2\/posts\/316\/revisions"}],"predecessor-version":[{"id":320,"href":"https:\/\/agora.xtec.cat\/inslasinia\/wp-json\/wp\/v2\/posts\/316\/revisions\/320"}],"wp:featuredmedia":[{"embeddable":true,"href":"https:\/\/agora.xtec.cat\/inslasinia\/wp-json\/wp\/v2\/media\/317"}],"wp:attachment":[{"href":"https:\/\/agora.xtec.cat\/inslasinia\/wp-json\/wp\/v2\/media?parent=316"}],"wp:term":[{"taxonomy":"category","embeddable":true,"href":"https:\/\/agora.xtec.cat\/inslasinia\/wp-json\/wp\/v2\/categories?post=316"},{"taxonomy":"post_tag","embeddable":true,"href":"https:\/\/agora.xtec.cat\/inslasinia\/wp-json\/wp\/v2\/tags?post=316"}],"curies":[{"name":"wp","href":"https:\/\/api.w.org\/{rel}","templated":true}]}}