{"id":2953,"date":"2020-01-17T09:43:08","date_gmt":"2020-01-17T08:43:08","guid":{"rendered":"http:\/\/agora.xtec.cat\/inslasinia\/?p=2953"},"modified":"2020-01-17T09:51:31","modified_gmt":"2020-01-17T08:51:31","slug":"roda-premsa-de-la-festa-major-dhivern-de-parets","status":"publish","type":"post","link":"https:\/\/agora.xtec.cat\/inslasinia\/general\/roda-premsa-de-la-festa-major-dhivern-de-parets\/","title":{"rendered":"Roda de premsa de la Festa Major d&#8217;hivern de Parets"},"content":{"rendered":"<p class=\"brcm-summary\">Dimarts, 14 de gener, a les 11 h, a la sala de plens de l\u2019Ajuntament, va tenir lloc la roda de premsa de presentaci\u00f3 de les activitats de la Festa Major d\u2019hivern de Parets, que enguany se celebra entre els dies 24 i 27 de gener i dos alumnes reporters de La S\u00ednia hi van assistir per poder-ne fer ress\u00f2 a la revista La S\u00ednia Report.<\/p>\n<div class=\"brcm-body\">\n<p>La Festa Major d\u2019hivern ha estat programada pel grup de treball de la Taula d\u2019Entitats de Parets del Vall\u00e8s, format per: Agrupaci\u00f3 Pessebrista Parets, Ajuntament de Parets del Vall\u00e8s, Associaci\u00f3 Musicoterapeutes i Arterapeutes de Catalunya, Associaci\u00f3 Ball de Sal\u00f3 Parets, Associaci\u00f3 Fotogr\u00e0fica de Parets, Colla de Gegants, Grallers i Bestiari de Parets, Comissi\u00f3 de Festes de Parets, Coro Rociero Alborada, Diables Parets, Niu d&#8217;Art Po\u00e8tic i Parets contra el C\u00e0ncer.<\/p>\n<p><a href=\"https:\/\/agora.xtec.cat\/inslasinia\/wp-content\/uploads\/usu512\/2020\/01\/Roda-premsa.jpg\"><img loading=\"lazy\" decoding=\"async\" class=\"alignnone size-large wp-image-2954\" src=\"https:\/\/agora.xtec.cat\/inslasinia\/wp-content\/uploads\/usu512\/2020\/01\/Roda-premsa-1024x768.jpg\" alt=\"\" width=\"1024\" height=\"768\" srcset=\"https:\/\/agora.xtec.cat\/inslasinia\/wp-content\/uploads\/usu512\/2020\/01\/Roda-premsa-1024x768.jpg 1024w, https:\/\/agora.xtec.cat\/inslasinia\/wp-content\/uploads\/usu512\/2020\/01\/Roda-premsa-300x225.jpg 300w, https:\/\/agora.xtec.cat\/inslasinia\/wp-content\/uploads\/usu512\/2020\/01\/Roda-premsa-768x576.jpg 768w, https:\/\/agora.xtec.cat\/inslasinia\/wp-content\/uploads\/usu512\/2020\/01\/Roda-premsa-200x150.jpg 200w, https:\/\/agora.xtec.cat\/inslasinia\/wp-content\/uploads\/usu512\/2020\/01\/Roda-premsa.jpg 1600w\" sizes=\"auto, (max-width: 1024px) 100vw, 1024px\" \/><\/a><\/p>\n<\/div>\n","protected":false},"excerpt":{"rendered":"<p>Dimarts, 14 de gener, a les 11 h, a la sala de plens de l\u2019Ajuntament, va tenir lloc la roda de premsa de presentaci\u00f3 de les activitats de la Festa Major d\u2019hivern de Parets, que enguany se celebra entre els dies 24 i 27 de&hellip;  <a href=\"https:\/\/agora.xtec.cat\/inslasinia\/general\/roda-premsa-de-la-festa-major-dhivern-de-parets\/\" title=\"Read Roda de premsa de la Festa Major d&#8217;hivern de Parets\">Llegeix m\u00e9s\u00bb<\/a><\/p>\n","protected":false},"author":10,"featured_media":2954,"comment_status":"open","ping_status":"closed","sticky":false,"template":"","format":"standard","meta":{"_bbp_topic_count":0,"_bbp_reply_count":0,"_bbp_total_topic_count":0,"_bbp_total_reply_count":0,"_bbp_voice_count":0,"_bbp_anonymous_reply_count":0,"_bbp_topic_count_hidden":0,"_bbp_reply_count_hidden":0,"_bbp_forum_subforum_count":0,"footnotes":""},"categories":[1,29,80],"tags":[],"class_list":["post-2953","post","type-post","status-publish","format-standard","has-post-thumbnail","hentry","category-general","category-portada","category-tallers"],"post_mailing_queue_ids":[],"_links":{"self":[{"href":"https:\/\/agora.xtec.cat\/inslasinia\/wp-json\/wp\/v2\/posts\/2953","targetHints":{"allow":["GET"]}}],"collection":[{"href":"https:\/\/agora.xtec.cat\/inslasinia\/wp-json\/wp\/v2\/posts"}],"about":[{"href":"https:\/\/agora.xtec.cat\/inslasinia\/wp-json\/wp\/v2\/types\/post"}],"author":[{"embeddable":true,"href":"https:\/\/agora.xtec.cat\/inslasinia\/wp-json\/wp\/v2\/users\/10"}],"replies":[{"embeddable":true,"href":"https:\/\/agora.xtec.cat\/inslasinia\/wp-json\/wp\/v2\/comments?post=2953"}],"version-history":[{"count":2,"href":"https:\/\/agora.xtec.cat\/inslasinia\/wp-json\/wp\/v2\/posts\/2953\/revisions"}],"predecessor-version":[{"id":2960,"href":"https:\/\/agora.xtec.cat\/inslasinia\/wp-json\/wp\/v2\/posts\/2953\/revisions\/2960"}],"wp:featuredmedia":[{"embeddable":true,"href":"https:\/\/agora.xtec.cat\/inslasinia\/wp-json\/wp\/v2\/media\/2954"}],"wp:attachment":[{"href":"https:\/\/agora.xtec.cat\/inslasinia\/wp-json\/wp\/v2\/media?parent=2953"}],"wp:term":[{"taxonomy":"category","embeddable":true,"href":"https:\/\/agora.xtec.cat\/inslasinia\/wp-json\/wp\/v2\/categories?post=2953"},{"taxonomy":"post_tag","embeddable":true,"href":"https:\/\/agora.xtec.cat\/inslasinia\/wp-json\/wp\/v2\/tags?post=2953"}],"curies":[{"name":"wp","href":"https:\/\/api.w.org\/{rel}","templated":true}]}}