{"id":291,"date":"2015-10-14T22:45:30","date_gmt":"2015-10-14T21:45:30","guid":{"rendered":"http:\/\/agora.xtec.cat\/inslasinia\/?p=291"},"modified":"2015-10-14T22:46:47","modified_gmt":"2015-10-14T21:46:47","slug":"comencem-el-pti-de-conflictes-a-3r-deso","status":"publish","type":"post","link":"https:\/\/agora.xtec.cat\/inslasinia\/eso-3\/comencem-el-pti-de-conflictes-a-3r-deso\/","title":{"rendered":"Comencem el PTI de Conflictes a 3r d&#8217;ESO"},"content":{"rendered":"<figure class=\"figure wp-caption alignleft\"><img loading=\"lazy\" decoding=\"async\" class=\"\" src=\"https:\/\/upload.wikimedia.org\/wikipedia\/commons\/5\/50\/BerlinWall.jpg\" alt=\"\" width=\"392\" height=\"251\" \/><figcaption class=\"wp-caption-text\">Mur de Berl\u00edn. Un element com\u00fa als tres conflictes armats que treballarem.<\/figcaption><\/figure>\n<p>Aquesta setmana hem comen\u00e7at a treballar al PTI de Conflictes amb els i les estudiants de 3r d&#8217;ESO.<\/p>\n<p>En aquest PTI, els alumnes veuran com s&#8217;analitza un conflicte en general. Despr\u00e9s, tindran l&#8217;opci\u00f3 de triar entre tres conflictes armats importants en la nostra hist\u00f2ria per aprofundir en el coneixement del m\u00f3n.<\/p>\n<p>La Segona Guerra Mundial, el gran conflicte del segle, a qui devem la creaci\u00f3 d&#8217;organitzacions com la ONU, la OTAN i el FMI.<\/p>\n<p>La Gerra dels Balcans, la guerra m\u00e9s crua viscuda en territori europeu i precursora del Tribunal Penal Internacional per a l&#8217;antiga Iugosl\u00e0via.<\/p>\n<p>El conflicte d&#8217;Israel i Palestina, tan antic i tan actual. Un conflicte complex que nom\u00e9s es pot solucionar escoltant totes les bandes.<\/p>\n<p>A m\u00e9s a m\u00e9s, rebrem la visita a l&#8217;institut de persones directament afectades amb algun conflicte.<\/p>\n","protected":false},"excerpt":{"rendered":"<p>Mur de Berl\u00edn. Un element com\u00fa als tres conflictes armats que treballarem.<br \/>\nAquesta setmana hem comen\u00e7at a treballar al PTI de Conflictes amb els i les estudiants de 3r d&#8217;ESO.<br \/>\nEn aquest PTI, els alumnes veuran com s&#8217;analitza un conflicte en general. Despr\u00e9s, tindran l&#8217;opci\u00f3 de triar&hellip;  <a href=\"https:\/\/agora.xtec.cat\/inslasinia\/eso-3\/comencem-el-pti-de-conflictes-a-3r-deso\/\" title=\"Read Comencem el PTI de Conflictes a 3r d&#8217;ESO\">Llegeix m\u00e9s\u00bb<\/a><\/p>\n","protected":false},"author":3,"featured_media":292,"comment_status":"open","ping_status":"open","sticky":false,"template":"","format":"standard","meta":{"_bbp_topic_count":0,"_bbp_reply_count":0,"_bbp_total_topic_count":0,"_bbp_total_reply_count":0,"_bbp_voice_count":0,"_bbp_anonymous_reply_count":0,"_bbp_topic_count_hidden":0,"_bbp_reply_count_hidden":0,"_bbp_forum_subforum_count":0,"footnotes":""},"categories":[6,29,63],"tags":[66,65,64],"class_list":["post-291","post","type-post","status-publish","format-standard","has-post-thumbnail","hentry","category-eso-3","category-portada","category-pti","tag-3r-deso","tag-conflictes","tag-pti"],"post_mailing_queue_ids":[],"_links":{"self":[{"href":"https:\/\/agora.xtec.cat\/inslasinia\/wp-json\/wp\/v2\/posts\/291","targetHints":{"allow":["GET"]}}],"collection":[{"href":"https:\/\/agora.xtec.cat\/inslasinia\/wp-json\/wp\/v2\/posts"}],"about":[{"href":"https:\/\/agora.xtec.cat\/inslasinia\/wp-json\/wp\/v2\/types\/post"}],"author":[{"embeddable":true,"href":"https:\/\/agora.xtec.cat\/inslasinia\/wp-json\/wp\/v2\/users\/3"}],"replies":[{"embeddable":true,"href":"https:\/\/agora.xtec.cat\/inslasinia\/wp-json\/wp\/v2\/comments?post=291"}],"version-history":[{"count":1,"href":"https:\/\/agora.xtec.cat\/inslasinia\/wp-json\/wp\/v2\/posts\/291\/revisions"}],"predecessor-version":[{"id":293,"href":"https:\/\/agora.xtec.cat\/inslasinia\/wp-json\/wp\/v2\/posts\/291\/revisions\/293"}],"wp:featuredmedia":[{"embeddable":true,"href":"https:\/\/agora.xtec.cat\/inslasinia\/wp-json\/wp\/v2\/media\/292"}],"wp:attachment":[{"href":"https:\/\/agora.xtec.cat\/inslasinia\/wp-json\/wp\/v2\/media?parent=291"}],"wp:term":[{"taxonomy":"category","embeddable":true,"href":"https:\/\/agora.xtec.cat\/inslasinia\/wp-json\/wp\/v2\/categories?post=291"},{"taxonomy":"post_tag","embeddable":true,"href":"https:\/\/agora.xtec.cat\/inslasinia\/wp-json\/wp\/v2\/tags?post=291"}],"curies":[{"name":"wp","href":"https:\/\/api.w.org\/{rel}","templated":true}]}}