{"id":275,"date":"2015-10-13T11:05:05","date_gmt":"2015-10-13T10:05:05","guid":{"rendered":"http:\/\/agora.xtec.cat\/inslasinia\/?p=275"},"modified":"2015-10-13T11:23:03","modified_gmt":"2015-10-13T10:23:03","slug":"comencem-el-nou-curs-amb-moltes-novetats","status":"publish","type":"post","link":"https:\/\/agora.xtec.cat\/inslasinia\/general\/comencem-el-nou-curs-amb-moltes-novetats\/","title":{"rendered":"Comencem el nou curs amb moltes novetats"},"content":{"rendered":"<p class=\"western\" lang=\"ca-ES\" align=\"justify\">El dia 14 de setembre vam iniciar el nou curs escolar al nostre institut amb una nova denominaci\u00f3 oficial: Secci\u00f3 d\u2019Institut La S\u00ednia. Amb la instal\u00b7laci\u00f3 provisional gaireb\u00e9 acabada i amb un projecte educatiu innovador i agosarat, continuem l\u2019aventura que vam engegar fa tres anys. Avui, gaireb\u00e9 240 alumnes, 21 professors (tres dels quals a mitja jornada), una conserge i una administrativa (a mitja jornada) som els protagonistes d\u2019aquesta hist\u00f2ria, juntament amb les fam\u00edlies dels alumnes i tota l\u2019altra gent que ens ajuda a tirar endavant.<\/p>\n<p class=\"western\" lang=\"ca-ES\" align=\"justify\">El primer dia del curs, els alumnes dels diferents nivells van ser convocats en un horari escalonat per poder fer-los una rebuda especial i personalitzada, sobretot els alumnes de 1r ESO que s\u2019estrenaven a l\u2019institut. Com sempre, hi va haver nervis i sorpreses, per\u00f2 al cap d\u2019uns dies ja tothom se sentia com a casa.<\/p>\n<p class=\"western\" lang=\"ca-ES\" align=\"justify\">En un centre com el nostre, els inicis de curs no han estat mai f\u00e0cils. El creixement progressiu de l\u2019institut comporta molts maldecaps: les obres a l\u2019estiu per a la instal\u00b7laci\u00f3 dels m\u00f2duls nous, la feina de rehabilitaci\u00f3 i adequaci\u00f3 de les aules, l\u2019organitzaci\u00f3 del curs amb un nivell m\u00e9s (4t ESO), l\u2019arribada de nous professors que cal integrar a l\u2019equip docent, la dotaci\u00f3 de les aules noves&#8230; Molta feina per fer en poc temps i amb pocs recursos, per\u00f2 amb molta il\u00b7lusi\u00f3.<\/p>\n<p class=\"western\" lang=\"ca-ES\" align=\"justify\">Malauradament, els nous m\u00f2duls van arribar pocs dies abans de comen\u00e7ar el curs i no es van poder ocupar fins al cap de dues setmanes, perqu\u00e8 calia reparar-los i fer-hi les instal\u00b7lacions pertinents. Mentrestant, els alumnes de 4t ESO van haver d\u2019ocupar espais alternatius (laboratori, biblioteca) i tamb\u00e9 van gaudir d\u2019una programaci\u00f3 especial amb diverses sortides (Centre Gaurd\u00ed de Reus, Museu de les Matem\u00e0tiques de Cornell\u00e0, Temple de la Sagrada Fam\u00edlia de Barcelona).<\/p>\n<p class=\"western\" lang=\"ca-ES\" align=\"justify\">Ara b\u00e9, al mes d\u2019octubre la maquin\u00e0ria ja funciona a ple rendiment. Els \u00e0mbits, els PTI i els tallers avancen a bon ritme, s\u2019han fet les reunions de pares i mares de tots els nivells i s\u2019han programat gaireb\u00e9 totes les sortides i les activitats complement\u00e0ries del curs. Per\u00f2 cada setmana sorgeixen noves idees, noves propostes, nous reptes per a un equip pedag\u00f2gic din\u00e0mic i ben avingut. La nostra S\u00ednia no para mai!<\/p>\n","protected":false},"excerpt":{"rendered":"<p>El dia 14 de setembre vam iniciar el nou curs escolar al nostre institut amb una nova denominaci\u00f3 oficial: Secci\u00f3 d\u2019Institut La S\u00ednia. Amb la instal\u00b7laci\u00f3 provisional gaireb\u00e9 acabada i amb un projecte educatiu innovador i agosarat, continuem l\u2019aventura que vam engegar fa tres anys.&hellip;  <a href=\"https:\/\/agora.xtec.cat\/inslasinia\/general\/comencem-el-nou-curs-amb-moltes-novetats\/\" title=\"Read Comencem el nou curs amb moltes novetats\">Llegeix m\u00e9s\u00bb<\/a><\/p>\n","protected":false},"author":6,"featured_media":0,"comment_status":"open","ping_status":"open","sticky":false,"template":"","format":"standard","meta":{"_bbp_topic_count":0,"_bbp_reply_count":0,"_bbp_total_topic_count":0,"_bbp_total_reply_count":0,"_bbp_voice_count":0,"_bbp_anonymous_reply_count":0,"_bbp_topic_count_hidden":0,"_bbp_reply_count_hidden":0,"_bbp_forum_subforum_count":0,"footnotes":""},"categories":[1,29],"tags":[61,62,58],"class_list":["post-275","post","type-post","status-publish","format-standard","hentry","category-general","category-portada","tag-inici-de-curs","tag-moduls","tag-tallers"],"post_mailing_queue_ids":[],"_links":{"self":[{"href":"https:\/\/agora.xtec.cat\/inslasinia\/wp-json\/wp\/v2\/posts\/275","targetHints":{"allow":["GET"]}}],"collection":[{"href":"https:\/\/agora.xtec.cat\/inslasinia\/wp-json\/wp\/v2\/posts"}],"about":[{"href":"https:\/\/agora.xtec.cat\/inslasinia\/wp-json\/wp\/v2\/types\/post"}],"author":[{"embeddable":true,"href":"https:\/\/agora.xtec.cat\/inslasinia\/wp-json\/wp\/v2\/users\/6"}],"replies":[{"embeddable":true,"href":"https:\/\/agora.xtec.cat\/inslasinia\/wp-json\/wp\/v2\/comments?post=275"}],"version-history":[{"count":3,"href":"https:\/\/agora.xtec.cat\/inslasinia\/wp-json\/wp\/v2\/posts\/275\/revisions"}],"predecessor-version":[{"id":278,"href":"https:\/\/agora.xtec.cat\/inslasinia\/wp-json\/wp\/v2\/posts\/275\/revisions\/278"}],"wp:attachment":[{"href":"https:\/\/agora.xtec.cat\/inslasinia\/wp-json\/wp\/v2\/media?parent=275"}],"wp:term":[{"taxonomy":"category","embeddable":true,"href":"https:\/\/agora.xtec.cat\/inslasinia\/wp-json\/wp\/v2\/categories?post=275"},{"taxonomy":"post_tag","embeddable":true,"href":"https:\/\/agora.xtec.cat\/inslasinia\/wp-json\/wp\/v2\/tags?post=275"}],"curies":[{"name":"wp","href":"https:\/\/api.w.org\/{rel}","templated":true}]}}