{"id":2635,"date":"2019-10-14T14:27:38","date_gmt":"2019-10-14T12:27:38","guid":{"rendered":"http:\/\/agora.xtec.cat\/inslasinia\/?p=2635"},"modified":"2019-10-14T14:27:38","modified_gmt":"2019-10-14T12:27:38","slug":"planetari-bombolla","status":"publish","type":"post","link":"https:\/\/agora.xtec.cat\/inslasinia\/general\/planetari-bombolla\/","title":{"rendered":"Planetari bombolla"},"content":{"rendered":"<p>Avui els nois i noies de 1r d&#8217;ESO han assistit al planetari bombolla que ha quedat instal\u00b7lat a la Sala Cooperativa en el transcurs del mat\u00ed. La xerrada l&#8217;ha dut a c\u00e0rrec l&#8217;astr\u00f2nom Joan Pujol, que treballa al Parc Astron\u00f2mic del Montsec, de la Generalitat de Catalunya, i ha consistit en l&#8217;estudi del firmament i un v\u00eddeo documental sobre la vida al planeta Terra.<\/p>\n<p>Aquesta activitat queda emmarcada en el projecte STEM que actualment estan fent a 1r sobre el Sistema Solar.<\/p>\n\r\n\t<div class=\"slideshow_container slideshow_container_style-light\" style=\"height: 500px; \" data-slideshow-id=\"2637\" data-style-name=\"style-light\" data-style-version=\"2.3.1\" >\r\n\r\n\t\t\t\t\t<div class=\"slideshow_loading_icon\"><\/div>\r\n\t\t\r\n\t\t<div class=\"slideshow_content\" style=\"display: none;\">\r\n\r\n\t\t\t<div class=\"slideshow_view\">\r\n\t\t\t\t<div class=\"slideshow_slide slideshow_slide_image\">\r\n\t\t\t\t\t\t\t\t\t\t\t<img src=\"https:\/\/agora.xtec.cat\/inslasinia\/wp-content\/uploads\/usu512\/2019\/10\/IMG_6636.jpg\" alt=\"IMG_6636\" width=\"3024\" height=\"2268\" \/>\r\n\t\t\t\t\t\t\t\t\t\t<div class=\"slideshow_description_box slideshow_transparent\">\r\n\t\t\t\t\t\t<div class=\"slideshow_title\">IMG_6636<\/div>\t\t\t\t\t\t\t\t\t\t\t<\/div>\r\n\t\t\t\t<\/div>\r\n\r\n\t\t\t\t\t\t<div style=\"clear: both;\"><\/div><\/div><div class=\"slideshow_view\">\r\n\t\t\t\t<div class=\"slideshow_slide slideshow_slide_image\">\r\n\t\t\t\t\t\t\t\t\t\t\t<img src=\"https:\/\/agora.xtec.cat\/inslasinia\/wp-content\/uploads\/usu512\/2019\/10\/20191014_102807.jpg\" alt=\"20191014_102807\" width=\"3096\" height=\"2322\" \/>\r\n\t\t\t\t\t\t\t\t\t\t<div class=\"slideshow_description_box slideshow_transparent\">\r\n\t\t\t\t\t\t<div class=\"slideshow_title\">20191014_102807<\/div>\t\t\t\t\t\t\t\t\t\t\t<\/div>\r\n\t\t\t\t<\/div>\r\n\r\n\t\t\t\t\t\t<div style=\"clear: both;\"><\/div><\/div><div class=\"slideshow_view\">\r\n\t\t\t\t<div class=\"slideshow_slide slideshow_slide_image\">\r\n\t\t\t\t\t\t\t\t\t\t\t<img src=\"https:\/\/agora.xtec.cat\/inslasinia\/wp-content\/uploads\/usu512\/2019\/10\/20191014_102716.jpg\" alt=\"20191014_102716\" width=\"3096\" height=\"2322\" \/>\r\n\t\t\t\t\t\t\t\t\t\t<div class=\"slideshow_description_box slideshow_transparent\">\r\n\t\t\t\t\t\t<div class=\"slideshow_title\">20191014_102716<\/div>\t\t\t\t\t\t\t\t\t\t\t<\/div>\r\n\t\t\t\t<\/div>\r\n\r\n\t\t\t\t\t\t<div style=\"clear: both;\"><\/div><\/div>\r\n\t\t<\/div>\r\n\r\n\t\t<div class=\"slideshow_controlPanel slideshow_transparent\" style=\"display: none;\"><ul><li class=\"slideshow_togglePlay\" data-play-text=\"Visualitza\" data-pause-text=\"Pausa\"><\/li><\/ul><\/div>\r\n\r\n\t\t<div class=\"slideshow_button slideshow_previous slideshow_transparent\" role=\"button\" data-previous-text=\"Anterior\" style=\"display: none;\"><\/div>\r\n\t\t<div class=\"slideshow_button slideshow_next slideshow_transparent\" role=\"button\" data-next-text=\"Seg\u00fcent\" style=\"display: none;\"><\/div>\r\n\r\n\t\t<div class=\"slideshow_pagination\" style=\"display: none;\" data-go-to-text=\"V\u00e9s a la diapositiva\"><div class=\"slideshow_pagination_center\"><\/div><\/div>\r\n\r\n\t\t<!-- WordPress Slideshow Version 2.3.1 -->\r\n\r\n\t\t\t<\/div>\r\n\r\n\n","protected":false},"excerpt":{"rendered":"<p>Avui els nois i noies de 1r d&#8217;ESO han assistit al planetari bombolla que ha quedat instal\u00b7lat a la Sala Cooperativa en el transcurs del mat\u00ed. La xerrada l&#8217;ha dut a c\u00e0rrec l&#8217;astr\u00f2nom Joan Pujol, que treballa al Parc Astron\u00f2mic del Montsec, de la Generalitat&hellip;  <a href=\"https:\/\/agora.xtec.cat\/inslasinia\/general\/planetari-bombolla\/\" title=\"Read Planetari bombolla\">Llegeix m\u00e9s\u00bb<\/a><\/p>\n","protected":false},"author":10,"featured_media":2639,"comment_status":"open","ping_status":"closed","sticky":false,"template":"","format":"standard","meta":{"_bbp_topic_count":0,"_bbp_reply_count":0,"_bbp_total_topic_count":0,"_bbp_total_reply_count":0,"_bbp_voice_count":0,"_bbp_anonymous_reply_count":0,"_bbp_topic_count_hidden":0,"_bbp_reply_count_hidden":0,"_bbp_forum_subforum_count":0,"footnotes":""},"categories":[4,1,29,63],"tags":[],"class_list":["post-2635","post","type-post","status-publish","format-standard","has-post-thumbnail","hentry","category-eso-1","category-general","category-portada","category-pti"],"post_mailing_queue_ids":[],"_links":{"self":[{"href":"https:\/\/agora.xtec.cat\/inslasinia\/wp-json\/wp\/v2\/posts\/2635","targetHints":{"allow":["GET"]}}],"collection":[{"href":"https:\/\/agora.xtec.cat\/inslasinia\/wp-json\/wp\/v2\/posts"}],"about":[{"href":"https:\/\/agora.xtec.cat\/inslasinia\/wp-json\/wp\/v2\/types\/post"}],"author":[{"embeddable":true,"href":"https:\/\/agora.xtec.cat\/inslasinia\/wp-json\/wp\/v2\/users\/10"}],"replies":[{"embeddable":true,"href":"https:\/\/agora.xtec.cat\/inslasinia\/wp-json\/wp\/v2\/comments?post=2635"}],"version-history":[{"count":2,"href":"https:\/\/agora.xtec.cat\/inslasinia\/wp-json\/wp\/v2\/posts\/2635\/revisions"}],"predecessor-version":[{"id":2641,"href":"https:\/\/agora.xtec.cat\/inslasinia\/wp-json\/wp\/v2\/posts\/2635\/revisions\/2641"}],"wp:featuredmedia":[{"embeddable":true,"href":"https:\/\/agora.xtec.cat\/inslasinia\/wp-json\/wp\/v2\/media\/2639"}],"wp:attachment":[{"href":"https:\/\/agora.xtec.cat\/inslasinia\/wp-json\/wp\/v2\/media?parent=2635"}],"wp:term":[{"taxonomy":"category","embeddable":true,"href":"https:\/\/agora.xtec.cat\/inslasinia\/wp-json\/wp\/v2\/categories?post=2635"},{"taxonomy":"post_tag","embeddable":true,"href":"https:\/\/agora.xtec.cat\/inslasinia\/wp-json\/wp\/v2\/tags?post=2635"}],"curies":[{"name":"wp","href":"https:\/\/api.w.org\/{rel}","templated":true}]}}