{"id":2348,"date":"2018-12-19T16:33:56","date_gmt":"2018-12-19T15:33:56","guid":{"rendered":"http:\/\/agora.xtec.cat\/inslasinia\/?p=2348"},"modified":"2018-12-19T16:34:08","modified_gmt":"2018-12-19T15:34:08","slug":"esmorzar-ofert-per-lafa","status":"publish","type":"post","link":"https:\/\/agora.xtec.cat\/inslasinia\/general\/esmorzar-ofert-per-lafa\/","title":{"rendered":"Esmorzar ofert per l&#8217;AFA"},"content":{"rendered":"<p>Donem les gr\u00e0cies a l&#8217;AFA (Associaci\u00f3 de Fam\u00edlies d&#8217;Alumnes) per l&#8217;esmorzar de Nadal que ens ha ofert aquest mat\u00ed a tots els alumnes de l&#8217;institut i desitgem bones festes a tota la comunitat educativa.<\/p>\n<p><a href=\"https:\/\/agora.xtec.cat\/inslasinia\/wp-content\/uploads\/usu512\/2018\/12\/Esmorzar-AFA.jpeg\"><img loading=\"lazy\" decoding=\"async\" class=\"alignnone size-large wp-image-2349\" src=\"https:\/\/agora.xtec.cat\/inslasinia\/wp-content\/uploads\/usu512\/2018\/12\/Esmorzar-AFA-1024x768.jpeg\" alt=\"\" width=\"1024\" height=\"768\" srcset=\"https:\/\/agora.xtec.cat\/inslasinia\/wp-content\/uploads\/usu512\/2018\/12\/Esmorzar-AFA-1024x768.jpeg 1024w, https:\/\/agora.xtec.cat\/inslasinia\/wp-content\/uploads\/usu512\/2018\/12\/Esmorzar-AFA-300x225.jpeg 300w, https:\/\/agora.xtec.cat\/inslasinia\/wp-content\/uploads\/usu512\/2018\/12\/Esmorzar-AFA-768x576.jpeg 768w, https:\/\/agora.xtec.cat\/inslasinia\/wp-content\/uploads\/usu512\/2018\/12\/Esmorzar-AFA-200x150.jpeg 200w, https:\/\/agora.xtec.cat\/inslasinia\/wp-content\/uploads\/usu512\/2018\/12\/Esmorzar-AFA.jpeg 2048w\" sizes=\"auto, (max-width: 1024px) 100vw, 1024px\" \/><\/a> <a href=\"https:\/\/agora.xtec.cat\/inslasinia\/wp-content\/uploads\/usu512\/2018\/12\/Esmorzar-AFA.jpg\"><img loading=\"lazy\" decoding=\"async\" class=\"alignnone size-large wp-image-2350\" src=\"https:\/\/agora.xtec.cat\/inslasinia\/wp-content\/uploads\/usu512\/2018\/12\/Esmorzar-AFA-1024x576.jpg\" alt=\"\" width=\"1024\" height=\"576\" srcset=\"https:\/\/agora.xtec.cat\/inslasinia\/wp-content\/uploads\/usu512\/2018\/12\/Esmorzar-AFA-1024x576.jpg 1024w, https:\/\/agora.xtec.cat\/inslasinia\/wp-content\/uploads\/usu512\/2018\/12\/Esmorzar-AFA-300x169.jpg 300w, https:\/\/agora.xtec.cat\/inslasinia\/wp-content\/uploads\/usu512\/2018\/12\/Esmorzar-AFA-768x432.jpg 768w, https:\/\/agora.xtec.cat\/inslasinia\/wp-content\/uploads\/usu512\/2018\/12\/Esmorzar-AFA.jpg 1600w\" sizes=\"auto, (max-width: 1024px) 100vw, 1024px\" \/><\/a><\/p>\n","protected":false},"excerpt":{"rendered":"<p>Donem les gr\u00e0cies a l&#8217;AFA (Associaci\u00f3 de Fam\u00edlies d&#8217;Alumnes) per l&#8217;esmorzar de Nadal que ens ha ofert aquest mat\u00ed a tots els alumnes de l&#8217;institut i desitgem bones festes a tota la comunitat educativa.<br \/>\n<a href=\"https:\/\/agora.xtec.cat\/inslasinia\/wp-content\/uploads\/usu512\/2018\/12\/Esmorzar-AFA.jpeg\"><\/a> <a href=\"https:\/\/agora.xtec.cat\/inslasinia\/wp-content\/uploads\/usu512\/2018\/12\/Esmorzar-AFA.jpg\"><\/a><\/p>\n","protected":false},"author":10,"featured_media":2350,"comment_status":"open","ping_status":"closed","sticky":false,"template":"","format":"standard","meta":{"_bbp_topic_count":0,"_bbp_reply_count":0,"_bbp_total_topic_count":0,"_bbp_total_reply_count":0,"_bbp_voice_count":0,"_bbp_anonymous_reply_count":0,"_bbp_topic_count_hidden":0,"_bbp_reply_count_hidden":0,"_bbp_forum_subforum_count":0,"footnotes":""},"categories":[31,1,29],"tags":[],"class_list":["post-2348","post","type-post","status-publish","format-standard","has-post-thumbnail","hentry","category-afa","category-general","category-portada"],"post_mailing_queue_ids":[],"_links":{"self":[{"href":"https:\/\/agora.xtec.cat\/inslasinia\/wp-json\/wp\/v2\/posts\/2348","targetHints":{"allow":["GET"]}}],"collection":[{"href":"https:\/\/agora.xtec.cat\/inslasinia\/wp-json\/wp\/v2\/posts"}],"about":[{"href":"https:\/\/agora.xtec.cat\/inslasinia\/wp-json\/wp\/v2\/types\/post"}],"author":[{"embeddable":true,"href":"https:\/\/agora.xtec.cat\/inslasinia\/wp-json\/wp\/v2\/users\/10"}],"replies":[{"embeddable":true,"href":"https:\/\/agora.xtec.cat\/inslasinia\/wp-json\/wp\/v2\/comments?post=2348"}],"version-history":[{"count":1,"href":"https:\/\/agora.xtec.cat\/inslasinia\/wp-json\/wp\/v2\/posts\/2348\/revisions"}],"predecessor-version":[{"id":2351,"href":"https:\/\/agora.xtec.cat\/inslasinia\/wp-json\/wp\/v2\/posts\/2348\/revisions\/2351"}],"wp:featuredmedia":[{"embeddable":true,"href":"https:\/\/agora.xtec.cat\/inslasinia\/wp-json\/wp\/v2\/media\/2350"}],"wp:attachment":[{"href":"https:\/\/agora.xtec.cat\/inslasinia\/wp-json\/wp\/v2\/media?parent=2348"}],"wp:term":[{"taxonomy":"category","embeddable":true,"href":"https:\/\/agora.xtec.cat\/inslasinia\/wp-json\/wp\/v2\/categories?post=2348"},{"taxonomy":"post_tag","embeddable":true,"href":"https:\/\/agora.xtec.cat\/inslasinia\/wp-json\/wp\/v2\/tags?post=2348"}],"curies":[{"name":"wp","href":"https:\/\/api.w.org\/{rel}","templated":true}]}}