{"id":2058,"date":"2018-07-03T17:48:09","date_gmt":"2018-07-03T15:48:09","guid":{"rendered":"http:\/\/agora.xtec.cat\/inslasinia\/?p=2058"},"modified":"2018-07-03T17:49:10","modified_gmt":"2018-07-03T15:49:10","slug":"inscripcio-afa","status":"publish","type":"post","link":"https:\/\/agora.xtec.cat\/inslasinia\/afa\/inscripcio-afa\/","title":{"rendered":"Inscripci\u00f3 AFA"},"content":{"rendered":"<p>Benvolgudes fam\u00edlies d\u2019alumnes de l<strong>\u2019Institut La S\u00ednia<\/strong>:<\/p>\n<p>us fem arribar la informaci\u00f3 per formalitzar la vostra inscripci\u00f3 a l\u2018AFA (Associaci\u00f3 de Familiars d\u2019Alumnes) de l\u2019Institut. Aquest curs us podeu\u00a0 inscriure telem\u00e0ticament mitjan\u00e7ant l&#8217;enlla\u00e7 seg\u00fcent:<\/p>\n<p><a href=\"https:\/\/goo.gl\/forms\/oOMvlM0lK8WlTWqx2\"><strong>https:\/\/goo.gl\/forms\/oOMvlM0lK8WlTWqx2<\/strong><\/a><\/p>\n<p>La quota anual es mant\u00e9 en <strong><u>25 \u20ac<\/u><\/strong> <u>per soci (<em>una sola quota per fam\u00edlia<\/em>)<\/u>, tal i com es va decidir a l\u2019assemblea general del dia 19 de setembre de 2012, quan es va crear aquesta associaci\u00f3.<\/p>\n<p>Alhora, us volem informar que, per minimitzar despeses, totes les comunicacions es faran per correu electr\u00f2nic.<\/p>\n<p>D\u2019acord amb la Llei 15\/1999, de 13 de desembre, de protecci\u00f3 de dades de car\u00e0cter personal, s\u2019informa que les dades facilitades seran incloses en el fitxer de l\u2019entitat. Les dades s\u2019utilitzaran \u00fanica i exclusivament per a fins relacionats amb el seu lligam amb l\u2019entitat.<\/p>\n<p>El pagament de la quota per a aquest curs 2018\/2019 s\u2019haur\u00e0 de fer ingressant l\u2019import de 25 \u20ac al n\u00fam. de <strong>compte del BANC de SANTANDER:<\/strong><\/p>\n<p><strong>ES78 0049 3860 9121 1415 3292 <\/strong><\/p>\n<p><strong>\u00c9s molt important que <u>indiqueu el nom de l\u2019alumne\/a i el nivell<\/u>, si no ens \u00e9s impossible identificar els pagaments.<\/strong><\/p>\n<p><strong>Caldr\u00e0 que envieu el justificant de pagament al correu de l&#8217;AFA <a href=\"mailto:afasiparets@gmail.com\">afasiparets@gmail.com<\/a>. En cas que no sigui possible enviar-nos-el per correu electr\u00f2nic, tamb\u00e9 es pot lliurar a la consergeria de l&#8217;institut, durant el mes de setembre.<\/strong><\/p>\n<p>Si hi ha cap inconvenient o teniu algun dubte, us podeu posar en contacte amb l\u2019AFA mitjan\u00e7ant el nostre correu electr\u00f2nic<strong>.<\/strong><\/p>\n<p>Atentament.<\/p>\n<p>JUNTA DE L\u2019AFA<\/p>\n","protected":false},"excerpt":{"rendered":"<p>Benvolgudes fam\u00edlies d\u2019alumnes de l\u2019Institut La S\u00ednia:<br \/>\nus fem arribar la informaci\u00f3 per formalitzar la vostra inscripci\u00f3 a l\u2018AFA (Associaci\u00f3 de Familiars d\u2019Alumnes) de l\u2019Institut. Aquest curs us podeu\u00a0 inscriure telem\u00e0ticament mitjan\u00e7ant l&#8217;enlla\u00e7 seg\u00fcent:<br \/>\n<a href=\"https:\/\/goo.gl\/forms\/oOMvlM0lK8WlTWqx2\">https:\/\/goo.gl\/forms\/oOMvlM0lK8WlTWqx2<\/a><br \/>\nLa quota anual es mant\u00e9 en 25 \u20ac per soci (una sola&hellip;  <a href=\"https:\/\/agora.xtec.cat\/inslasinia\/afa\/inscripcio-afa\/\" title=\"Read Inscripci\u00f3 AFA\">Llegeix m\u00e9s\u00bb<\/a><\/p>\n","protected":false},"author":1,"featured_media":0,"comment_status":"open","ping_status":"closed","sticky":false,"template":"","format":"standard","meta":{"_bbp_topic_count":0,"_bbp_reply_count":0,"_bbp_total_topic_count":0,"_bbp_total_reply_count":0,"_bbp_voice_count":0,"_bbp_anonymous_reply_count":0,"_bbp_topic_count_hidden":0,"_bbp_reply_count_hidden":0,"_bbp_forum_subforum_count":0,"footnotes":""},"categories":[31,90],"tags":[121,69],"class_list":["post-2058","post","type-post","status-publish","format-standard","hentry","category-afa","category-families","tag-afa","tag-families"],"post_mailing_queue_ids":[],"_links":{"self":[{"href":"https:\/\/agora.xtec.cat\/inslasinia\/wp-json\/wp\/v2\/posts\/2058","targetHints":{"allow":["GET"]}}],"collection":[{"href":"https:\/\/agora.xtec.cat\/inslasinia\/wp-json\/wp\/v2\/posts"}],"about":[{"href":"https:\/\/agora.xtec.cat\/inslasinia\/wp-json\/wp\/v2\/types\/post"}],"author":[{"embeddable":true,"href":"https:\/\/agora.xtec.cat\/inslasinia\/wp-json\/wp\/v2\/users\/1"}],"replies":[{"embeddable":true,"href":"https:\/\/agora.xtec.cat\/inslasinia\/wp-json\/wp\/v2\/comments?post=2058"}],"version-history":[{"count":2,"href":"https:\/\/agora.xtec.cat\/inslasinia\/wp-json\/wp\/v2\/posts\/2058\/revisions"}],"predecessor-version":[{"id":2060,"href":"https:\/\/agora.xtec.cat\/inslasinia\/wp-json\/wp\/v2\/posts\/2058\/revisions\/2060"}],"wp:attachment":[{"href":"https:\/\/agora.xtec.cat\/inslasinia\/wp-json\/wp\/v2\/media?parent=2058"}],"wp:term":[{"taxonomy":"category","embeddable":true,"href":"https:\/\/agora.xtec.cat\/inslasinia\/wp-json\/wp\/v2\/categories?post=2058"},{"taxonomy":"post_tag","embeddable":true,"href":"https:\/\/agora.xtec.cat\/inslasinia\/wp-json\/wp\/v2\/tags?post=2058"}],"curies":[{"name":"wp","href":"https:\/\/api.w.org\/{rel}","templated":true}]}}