{"id":1749,"date":"2018-04-23T23:15:15","date_gmt":"2018-04-23T21:15:15","guid":{"rendered":"http:\/\/agora.xtec.cat\/inslasinia\/?p=1749"},"modified":"2018-04-23T23:15:15","modified_gmt":"2018-04-23T21:15:15","slug":"ens-visita-lemad-refugiat-siria","status":"publish","type":"post","link":"https:\/\/agora.xtec.cat\/inslasinia\/general\/ens-visita-lemad-refugiat-siria\/","title":{"rendered":"Ens visita l&#8217;Emad, refugiat siri\u00e0."},"content":{"rendered":"<p>El passat 13 d&#8217;abril vam tenir l&#8217;oportunitat d&#8217;escoltar les experi\u00e8ncies de l&#8217;Emad, refugiat siri\u00e0 que va venir a l&#8217;institut a explicar el conflicte del seu pa\u00eds als alumnes de 3r i 4t d&#8217;ESO.<\/p>\n<p>Des d&#8217;aqu\u00ed li voler agrair i donar les gr\u00e0cies per la seva col\u00b7laboraci\u00f3.<\/p>\n<p><a href=\"http:\/\/agora.xtec.cat\/inslasinia\/wp-content\/uploads\/usu512\/2018\/04\/IMG_20180423_184248.jpg\"><img loading=\"lazy\" decoding=\"async\" class=\"alignnone size-large wp-image-1750\" src=\"http:\/\/agora.xtec.cat\/inslasinia\/wp-content\/uploads\/usu512\/2018\/04\/IMG_20180423_184248-1024x768.jpg\" alt=\"\" width=\"1024\" height=\"768\" srcset=\"https:\/\/agora.xtec.cat\/inslasinia\/wp-content\/uploads\/usu512\/2018\/04\/IMG_20180423_184248-1024x768.jpg 1024w, https:\/\/agora.xtec.cat\/inslasinia\/wp-content\/uploads\/usu512\/2018\/04\/IMG_20180423_184248-300x225.jpg 300w, https:\/\/agora.xtec.cat\/inslasinia\/wp-content\/uploads\/usu512\/2018\/04\/IMG_20180423_184248-768x576.jpg 768w, https:\/\/agora.xtec.cat\/inslasinia\/wp-content\/uploads\/usu512\/2018\/04\/IMG_20180423_184248-200x150.jpg 200w, https:\/\/agora.xtec.cat\/inslasinia\/wp-content\/uploads\/usu512\/2018\/04\/IMG_20180423_184248.jpg 1600w\" sizes=\"auto, (max-width: 1024px) 100vw, 1024px\" \/><\/a><\/p>\n","protected":false},"excerpt":{"rendered":"<p>El passat 13 d&#8217;abril vam tenir l&#8217;oportunitat d&#8217;escoltar les experi\u00e8ncies de l&#8217;Emad, refugiat siri\u00e0 que va venir a l&#8217;institut a explicar el conflicte del seu pa\u00eds als alumnes de 3r i 4t d&#8217;ESO.<br \/>\nDes d&#8217;aqu\u00ed li voler agrair i donar les gr\u00e0cies per la seva col\u00b7laboraci\u00f3.<br \/>\n<a&hellip;  <a href=\"https:\/\/agora.xtec.cat\/inslasinia\/general\/ens-visita-lemad-refugiat-siria\/\" title=\"Read Ens visita l&#8217;Emad, refugiat siri\u00e0.\">Llegeix m\u00e9s\u00bb<\/a><\/p>\n","protected":false},"author":10,"featured_media":1750,"comment_status":"open","ping_status":"closed","sticky":false,"template":"","format":"standard","meta":{"_bbp_topic_count":0,"_bbp_reply_count":0,"_bbp_total_topic_count":0,"_bbp_total_reply_count":0,"_bbp_voice_count":0,"_bbp_anonymous_reply_count":0,"_bbp_topic_count_hidden":0,"_bbp_reply_count_hidden":0,"_bbp_forum_subforum_count":0,"footnotes":""},"categories":[1,29],"tags":[],"class_list":["post-1749","post","type-post","status-publish","format-standard","has-post-thumbnail","hentry","category-general","category-portada"],"post_mailing_queue_ids":[],"_links":{"self":[{"href":"https:\/\/agora.xtec.cat\/inslasinia\/wp-json\/wp\/v2\/posts\/1749","targetHints":{"allow":["GET"]}}],"collection":[{"href":"https:\/\/agora.xtec.cat\/inslasinia\/wp-json\/wp\/v2\/posts"}],"about":[{"href":"https:\/\/agora.xtec.cat\/inslasinia\/wp-json\/wp\/v2\/types\/post"}],"author":[{"embeddable":true,"href":"https:\/\/agora.xtec.cat\/inslasinia\/wp-json\/wp\/v2\/users\/10"}],"replies":[{"embeddable":true,"href":"https:\/\/agora.xtec.cat\/inslasinia\/wp-json\/wp\/v2\/comments?post=1749"}],"version-history":[{"count":2,"href":"https:\/\/agora.xtec.cat\/inslasinia\/wp-json\/wp\/v2\/posts\/1749\/revisions"}],"predecessor-version":[{"id":1752,"href":"https:\/\/agora.xtec.cat\/inslasinia\/wp-json\/wp\/v2\/posts\/1749\/revisions\/1752"}],"wp:featuredmedia":[{"embeddable":true,"href":"https:\/\/agora.xtec.cat\/inslasinia\/wp-json\/wp\/v2\/media\/1750"}],"wp:attachment":[{"href":"https:\/\/agora.xtec.cat\/inslasinia\/wp-json\/wp\/v2\/media?parent=1749"}],"wp:term":[{"taxonomy":"category","embeddable":true,"href":"https:\/\/agora.xtec.cat\/inslasinia\/wp-json\/wp\/v2\/categories?post=1749"},{"taxonomy":"post_tag","embeddable":true,"href":"https:\/\/agora.xtec.cat\/inslasinia\/wp-json\/wp\/v2\/tags?post=1749"}],"curies":[{"name":"wp","href":"https:\/\/api.w.org\/{rel}","templated":true}]}}