{"id":1738,"date":"2018-03-22T15:22:38","date_gmt":"2018-03-22T14:22:38","guid":{"rendered":"http:\/\/agora.xtec.cat\/inslasinia\/?p=1738"},"modified":"2018-03-22T15:31:24","modified_gmt":"2018-03-22T14:31:24","slug":"xavier-civico-a-lexporecerca-2018","status":"publish","type":"post","link":"https:\/\/agora.xtec.cat\/inslasinia\/portada\/xavier-civico-a-lexporecerca-2018\/","title":{"rendered":"Xavier C\u00edvico a l&#8217;Exporecerca 2018"},"content":{"rendered":"<p>L&#8217;alumne de 4t d&#8217;ESO Xavier C\u00edvico ha estat seleccionat per exposar el seu treball de recerca sobre <em>Sistemes de Seguretat Econ\u00f2mics i Sostenibles <\/em>a la Fira Exporecerca Jove. Avui, acompanyat per Marc Marin, ha\u00a0montat l&#8217;estant al Campus La Salle de la Universitat Ramon Llull on mantind\u00e0 el projecte exposat fins dissabte dia 24 de mar\u00e7.<\/p>\n<p><a href=\"http:\/\/agora.xtec.cat\/inslasinia\/wp-content\/uploads\/usu512\/2018\/03\/IMG-20180322-WA0003.jpg\"><img loading=\"lazy\" decoding=\"async\" class=\" wp-image-1740 aligncenter\" src=\"http:\/\/agora.xtec.cat\/inslasinia\/wp-content\/uploads\/usu512\/2018\/03\/IMG-20180322-WA0003-768x1024.jpg\" alt=\"\" width=\"463\" height=\"618\" srcset=\"https:\/\/agora.xtec.cat\/inslasinia\/wp-content\/uploads\/usu512\/2018\/03\/IMG-20180322-WA0003-768x1024.jpg 768w, https:\/\/agora.xtec.cat\/inslasinia\/wp-content\/uploads\/usu512\/2018\/03\/IMG-20180322-WA0003-225x300.jpg 225w, https:\/\/agora.xtec.cat\/inslasinia\/wp-content\/uploads\/usu512\/2018\/03\/IMG-20180322-WA0003.jpg 1200w\" sizes=\"auto, (max-width: 463px) 100vw, 463px\" \/><\/a><\/p>\n<p>L\u2019Exporecerca Jove \u00e9s una fira de recerca internacional oberta al p\u00fablic celebrada des de l\u2019any 2000, on joves de secund\u00e0ria i batxillerat d\u2019arreu del m\u00f3n poden presentar els seus projectes d\u2019investigaci\u00f3. Els participants presenten els seus treballs en stands personalitzats per ells mateixos, on tenen l\u2019oportunitat de difondre i donar a con\u00e8ixer la seva recerca al p\u00fablic visitant. S\u00f3n benvinguts treballs de recerca de tots els \u00e0mbits, no nom\u00e9s aquells de caire cient\u00edfic. Durant els tres dies de la mostra, els treballs s\u00f3n avaluats per un jurat qualificat independent i ali\u00e8 a MAGMA. Arribat l&#8217;acte de cloenda, s&#8217;atorguen premis d&#8217;acord amb aquestes valoracions, gr\u00e0cies a la inestimable colaboraci\u00f3 de les nostres entitats patrocinadores. Tot i que la majoria de participants s\u00f3n catalans, tamb\u00e9 hi participen estudiants d\u2019altres comunitats aut\u00f2nomes i d\u2019altres pa\u00efsos del m\u00f3n, fet que converteix l\u2019Exporecerca Jove en una oportunitat enormement enriquidora tant a nivell acad\u00e8mic com cultural.<\/p>\n<p>\u00c0nims al participant i sort!<\/p>\n","protected":false},"excerpt":{"rendered":"<p>L&#8217;alumne de 4t d&#8217;ESO Xavier C\u00edvico ha estat seleccionat per exposar el seu treball de recerca sobre Sistemes de Seguretat Econ\u00f2mics i Sostenibles a la Fira Exporecerca Jove. Avui, acompanyat per Marc Marin, ha\u00a0montat l&#8217;estant al Campus La Salle de la Universitat Ramon Llull on&hellip;  <a href=\"https:\/\/agora.xtec.cat\/inslasinia\/portada\/xavier-civico-a-lexporecerca-2018\/\" title=\"Read Xavier C\u00edvico a l&#8217;Exporecerca 2018\">Llegeix m\u00e9s\u00bb<\/a><\/p>\n","protected":false},"author":10,"featured_media":1743,"comment_status":"open","ping_status":"closed","sticky":false,"template":"","format":"standard","meta":{"_bbp_topic_count":0,"_bbp_reply_count":0,"_bbp_total_topic_count":0,"_bbp_total_reply_count":0,"_bbp_voice_count":0,"_bbp_anonymous_reply_count":0,"_bbp_topic_count_hidden":0,"_bbp_reply_count_hidden":0,"_bbp_forum_subforum_count":0,"footnotes":""},"categories":[29],"tags":[],"class_list":["post-1738","post","type-post","status-publish","format-standard","has-post-thumbnail","hentry","category-portada"],"post_mailing_queue_ids":[],"_links":{"self":[{"href":"https:\/\/agora.xtec.cat\/inslasinia\/wp-json\/wp\/v2\/posts\/1738","targetHints":{"allow":["GET"]}}],"collection":[{"href":"https:\/\/agora.xtec.cat\/inslasinia\/wp-json\/wp\/v2\/posts"}],"about":[{"href":"https:\/\/agora.xtec.cat\/inslasinia\/wp-json\/wp\/v2\/types\/post"}],"author":[{"embeddable":true,"href":"https:\/\/agora.xtec.cat\/inslasinia\/wp-json\/wp\/v2\/users\/10"}],"replies":[{"embeddable":true,"href":"https:\/\/agora.xtec.cat\/inslasinia\/wp-json\/wp\/v2\/comments?post=1738"}],"version-history":[{"count":3,"href":"https:\/\/agora.xtec.cat\/inslasinia\/wp-json\/wp\/v2\/posts\/1738\/revisions"}],"predecessor-version":[{"id":1745,"href":"https:\/\/agora.xtec.cat\/inslasinia\/wp-json\/wp\/v2\/posts\/1738\/revisions\/1745"}],"wp:featuredmedia":[{"embeddable":true,"href":"https:\/\/agora.xtec.cat\/inslasinia\/wp-json\/wp\/v2\/media\/1743"}],"wp:attachment":[{"href":"https:\/\/agora.xtec.cat\/inslasinia\/wp-json\/wp\/v2\/media?parent=1738"}],"wp:term":[{"taxonomy":"category","embeddable":true,"href":"https:\/\/agora.xtec.cat\/inslasinia\/wp-json\/wp\/v2\/categories?post=1738"},{"taxonomy":"post_tag","embeddable":true,"href":"https:\/\/agora.xtec.cat\/inslasinia\/wp-json\/wp\/v2\/tags?post=1738"}],"curies":[{"name":"wp","href":"https:\/\/api.w.org\/{rel}","templated":true}]}}