{"id":1565,"date":"2017-12-11T15:08:16","date_gmt":"2017-12-11T14:08:16","guid":{"rendered":"http:\/\/agora.xtec.cat\/inslasinia\/?p=1565"},"modified":"2017-12-13T14:32:43","modified_gmt":"2017-12-13T13:32:43","slug":"visitem-la-fundacio-arrels","status":"publish","type":"post","link":"https:\/\/agora.xtec.cat\/inslasinia\/general\/visitem-la-fundacio-arrels\/","title":{"rendered":"Visitem la Fundaci\u00f3 Arrels"},"content":{"rendered":"<div dir=\"auto\">Divendres dia 1, un grup de 15 nois i noies de 4t d&#8217;ESO, van visitar la Fundaci\u00f3 Arrels que at\u00e9n a les persones sense sostre.\u00a0 La visita va consistir en con\u00e8ixer la Fundaci\u00f3 Arrels i l&#8217;exposici\u00f3 &#8220;El laberint de les nostres vides&#8221;.<\/div>\n<div dir=\"auto\"><\/div>\n<div dir=\"auto\"><\/div>\n<div dir=\"auto\">Una xerrada amb un dels 450 voluntaris de l&#8217;entitat, la conversa informal amb alguns dels usuaris del centre, i la visita a l&#8217;exposici\u00f3 &#8220;El laberint de les nostres vides&#8221;, acompanyats pel testimoni directe d&#8217;una persona que porta 6 anys dormint al carrer,\u00a0 va ser una experi\u00e8ncia que no oblidarem.<\/div>\n<div dir=\"auto\"><\/div>\n<div dir=\"auto\"><\/div>\n<div dir=\"auto\">\n<div dir=\"auto\">Podeu saber-ne m\u00e9s a la web <a href=\"https:\/\/www.arrelsfundacio.org\/\">www.arrelsfundacio.org\u00a0<\/a>o b\u00e9 seguint\u00a0#ningudormintalcarrer i\u00a0@ArrelsFundacio<\/div>\n<\/div>\n<div dir=\"auto\"><\/div>\n<div dir=\"auto\"><\/div>\n<div dir=\"auto\">\n<div dir=\"auto\"><\/div>\n<\/div>\n<div dir=\"auto\"><\/div>\n<div dir=\"auto\"><a href=\"http:\/\/agora.xtec.cat\/inslasinia\/wp-content\/uploads\/usu512\/2017\/12\/20171201_111149.jpg\"><img loading=\"lazy\" decoding=\"async\" class=\"alignnone size-large wp-image-1566\" src=\"http:\/\/agora.xtec.cat\/inslasinia\/wp-content\/uploads\/usu512\/2017\/12\/20171201_111149-1024x576.jpg\" alt=\"\" width=\"1024\" height=\"576\" srcset=\"https:\/\/agora.xtec.cat\/inslasinia\/wp-content\/uploads\/usu512\/2017\/12\/20171201_111149-1024x576.jpg 1024w, https:\/\/agora.xtec.cat\/inslasinia\/wp-content\/uploads\/usu512\/2017\/12\/20171201_111149-300x169.jpg 300w, https:\/\/agora.xtec.cat\/inslasinia\/wp-content\/uploads\/usu512\/2017\/12\/20171201_111149-768x432.jpg 768w\" sizes=\"auto, (max-width: 1024px) 100vw, 1024px\" \/><\/a><\/div>\n","protected":false},"excerpt":{"rendered":"<p>Divendres dia 1, un grup de 15 nois i noies de 4t d&#8217;ESO, van visitar la Fundaci\u00f3 Arrels que at\u00e9n a les persones sense sostre.\u00a0 La visita va consistir en con\u00e8ixer la Fundaci\u00f3 Arrels i l&#8217;exposici\u00f3 &#8220;El laberint de les nostres vides&#8221;.<\/p>\n<p>Una xerrada amb un&hellip;  <a href=\"https:\/\/agora.xtec.cat\/inslasinia\/general\/visitem-la-fundacio-arrels\/\" title=\"Read Visitem la Fundaci\u00f3 Arrels\">Llegeix m\u00e9s\u00bb<\/a><\/p>\n","protected":false},"author":10,"featured_media":1566,"comment_status":"open","ping_status":"closed","sticky":false,"template":"","format":"standard","meta":{"_bbp_topic_count":0,"_bbp_reply_count":0,"_bbp_total_topic_count":0,"_bbp_total_reply_count":0,"_bbp_voice_count":0,"_bbp_anonymous_reply_count":0,"_bbp_topic_count_hidden":0,"_bbp_reply_count_hidden":0,"_bbp_forum_subforum_count":0,"footnotes":""},"categories":[1,29],"tags":[],"class_list":["post-1565","post","type-post","status-publish","format-standard","has-post-thumbnail","hentry","category-general","category-portada"],"post_mailing_queue_ids":[],"_links":{"self":[{"href":"https:\/\/agora.xtec.cat\/inslasinia\/wp-json\/wp\/v2\/posts\/1565","targetHints":{"allow":["GET"]}}],"collection":[{"href":"https:\/\/agora.xtec.cat\/inslasinia\/wp-json\/wp\/v2\/posts"}],"about":[{"href":"https:\/\/agora.xtec.cat\/inslasinia\/wp-json\/wp\/v2\/types\/post"}],"author":[{"embeddable":true,"href":"https:\/\/agora.xtec.cat\/inslasinia\/wp-json\/wp\/v2\/users\/10"}],"replies":[{"embeddable":true,"href":"https:\/\/agora.xtec.cat\/inslasinia\/wp-json\/wp\/v2\/comments?post=1565"}],"version-history":[{"count":3,"href":"https:\/\/agora.xtec.cat\/inslasinia\/wp-json\/wp\/v2\/posts\/1565\/revisions"}],"predecessor-version":[{"id":1569,"href":"https:\/\/agora.xtec.cat\/inslasinia\/wp-json\/wp\/v2\/posts\/1565\/revisions\/1569"}],"wp:featuredmedia":[{"embeddable":true,"href":"https:\/\/agora.xtec.cat\/inslasinia\/wp-json\/wp\/v2\/media\/1566"}],"wp:attachment":[{"href":"https:\/\/agora.xtec.cat\/inslasinia\/wp-json\/wp\/v2\/media?parent=1565"}],"wp:term":[{"taxonomy":"category","embeddable":true,"href":"https:\/\/agora.xtec.cat\/inslasinia\/wp-json\/wp\/v2\/categories?post=1565"},{"taxonomy":"post_tag","embeddable":true,"href":"https:\/\/agora.xtec.cat\/inslasinia\/wp-json\/wp\/v2\/tags?post=1565"}],"curies":[{"name":"wp","href":"https:\/\/api.w.org\/{rel}","templated":true}]}}