{"id":1468,"date":"2017-09-21T19:26:02","date_gmt":"2017-09-21T17:26:02","guid":{"rendered":"http:\/\/agora.xtec.cat\/inslasinia\/?p=1468"},"modified":"2017-09-21T19:26:02","modified_gmt":"2017-09-21T17:26:02","slug":"sortida-dels-alumnes-de-3r-i-4t-a-la-granja","status":"publish","type":"post","link":"https:\/\/agora.xtec.cat\/inslasinia\/general\/sortida-dels-alumnes-de-3r-i-4t-a-la-granja\/","title":{"rendered":"Sortida dels alumnes de 3r i 4t a &#8220;La Granja&#8221;"},"content":{"rendered":"\r\n\t<div class=\"slideshow_container slideshow_container_style-light\" style=\"height: 300px; \" data-slideshow-id=\"1470\" data-style-name=\"style-light\" data-style-version=\"2.3.1\" >\r\n\r\n\t\t\t\t\t<div class=\"slideshow_loading_icon\"><\/div>\r\n\t\t\r\n\t\t<div class=\"slideshow_content\" style=\"display: none;\">\r\n\r\n\t\t\t<div class=\"slideshow_view\">\r\n\t\t\t\t<div class=\"slideshow_slide slideshow_slide_image\">\r\n\t\t\t\t\t\t\t\t\t\t\t<img src=\"https:\/\/agora.xtec.cat\/inslasinia\/wp-content\/uploads\/usu512\/2017\/09\/n\u0303n\u0303n\u0303n\u0303n\u0303.jpg\" alt=\"n\u0303n\u0303n\u0303n\u0303n\u0303\" width=\"1200\" height=\"676\" \/>\r\n\t\t\t\t\t\t\t\t\t\t<div class=\"slideshow_description_box slideshow_transparent\">\r\n\t\t\t\t\t\t\t\t\t\t\t\t\t\t\t\t\t<\/div>\r\n\t\t\t\t<\/div>\r\n\r\n\t\t\t\t\t\t<div style=\"clear: both;\"><\/div><\/div><div class=\"slideshow_view\">\r\n\t\t\t\t<div class=\"slideshow_slide slideshow_slide_image\">\r\n\t\t\t\t\t\t\t\t\t\t\t<img src=\"https:\/\/agora.xtec.cat\/inslasinia\/wp-content\/uploads\/usu512\/2017\/09\/n\u0303n\u0303.jpg\" alt=\"n\u0303n\u0303\" width=\"1200\" height=\"900\" \/>\r\n\t\t\t\t\t\t\t\t\t\t<div class=\"slideshow_description_box slideshow_transparent\">\r\n\t\t\t\t\t\t\t\t\t\t\t\t\t\t\t\t\t<\/div>\r\n\t\t\t\t<\/div>\r\n\r\n\t\t\t\t\t\t<div style=\"clear: both;\"><\/div><\/div><div class=\"slideshow_view\">\r\n\t\t\t\t<div class=\"slideshow_slide slideshow_slide_image\">\r\n\t\t\t\t\t\t\t\t\t\t\t<img src=\"https:\/\/agora.xtec.cat\/inslasinia\/wp-content\/uploads\/usu512\/2017\/09\/n\u0303n\u0303n\u0303.jpg\" alt=\"n\u0303n\u0303n\u0303\" width=\"1200\" height=\"900\" \/>\r\n\t\t\t\t\t\t\t\t\t\t<div class=\"slideshow_description_box slideshow_transparent\">\r\n\t\t\t\t\t\t\t\t\t\t\t\t\t\t\t\t\t<\/div>\r\n\t\t\t\t<\/div>\r\n\r\n\t\t\t\t\t\t<div style=\"clear: both;\"><\/div><\/div><div class=\"slideshow_view\">\r\n\t\t\t\t<div class=\"slideshow_slide slideshow_slide_image\">\r\n\t\t\t\t\t\t\t\t\t\t\t<img src=\"https:\/\/agora.xtec.cat\/inslasinia\/wp-content\/uploads\/usu512\/2017\/09\/n\u0303.jpg\" alt=\"\" width=\"1200\" height=\"900\" \/>\r\n\t\t\t\t\t\t\t\t\t\t<div class=\"slideshow_description_box slideshow_transparent\">\r\n\t\t\t\t\t\t\t\t\t\t\t\t\t\t\t\t\t<\/div>\r\n\t\t\t\t<\/div>\r\n\r\n\t\t\t\t\t\t<div style=\"clear: both;\"><\/div><\/div>\r\n\t\t<\/div>\r\n\r\n\t\t<div class=\"slideshow_controlPanel slideshow_transparent\" style=\"display: none;\"><ul><li class=\"slideshow_togglePlay\" data-play-text=\"Visualitza\" data-pause-text=\"Pausa\"><\/li><\/ul><\/div>\r\n\r\n\t\t<div class=\"slideshow_button slideshow_previous slideshow_transparent\" role=\"button\" data-previous-text=\"Anterior\" style=\"display: none;\"><\/div>\r\n\t\t<div class=\"slideshow_button slideshow_next slideshow_transparent\" role=\"button\" data-next-text=\"Seg\u00fcent\" style=\"display: none;\"><\/div>\r\n\r\n\t\t<div class=\"slideshow_pagination\" style=\"display: none;\" data-go-to-text=\"V\u00e9s a la diapositiva\"><div class=\"slideshow_pagination_center\"><\/div><\/div>\r\n\r\n\t\t<!-- WordPress Slideshow Version 2.3.1 -->\r\n\r\n\t\t\t<\/div>\r\n\r\n\n<p>Els alumnes de 3r i 4t han anat aquesta setmana a <a href=\"https:\/\/www.lagranja.cat\/ca\">La Granja Escola<\/a> de Sta. Maria de Palautordera (Montseny, Barcelona). \u00a0All\u00ed han pogut fer una s\u00e8rie d&#8217;activitats de cohesi\u00f3 de grup, de les quals n&#8217;han apr\u00e8s tots molt.<\/p>\n<p>La Granja, \u00e9s la primera granja escola amb un m\u00e8tode d&#8217;educaci\u00f3 emocional que consisteix en activitats\u00a0Outdoor Training, el que fa \u00e9s llen\u00e7ar\u00a0<strong>est\u00edmuls positius de forma cont\u00ednua<\/strong>\u00a0amb una\u00a0\u00a0<strong>intenci\u00f3<\/strong>\u00a0concreta, la de despertar l\u2019inter\u00e9s dels alumnes\u00a0mitjan\u00e7ant la motivaci\u00f3,\u00a0 aconseguint que reconeguin les seves emocions i entrenin les seves habilitats personals i socials,\u00a0<strong>fent conscient l\u2019inconscient<\/strong>.<\/p>\n<p>Ens basen en el marc te\u00f2ric de les 5 compet\u00e8ncies emocionals de Rafel Bisquerra (Universitat de Barcelona): consci\u00e8ncia emocional, regulaci\u00f3 emocional, autonomia emocional, compet\u00e8ncies socials i habilitats per a la vida i el benestar.<\/p>\n","protected":false},"excerpt":{"rendered":"<ul>\n<li class=\"slideshow_togglePlay\" data-play-text=\"Visualitza\" data-pause-text=\"Pausa\"><\/li>\n<\/ul>\n<p>Els alumnes de 3r i 4t han anat aquesta setmana a <a href=\"https:\/\/www.lagranja.cat\/ca\">La Granja Escola<\/a> de Sta. Maria de Palautordera (Montseny, Barcelona). \u00a0All\u00ed han pogut fer una s\u00e8rie d&#8217;activitats de cohesi\u00f3 de grup, de les quals n&#8217;han apr\u00e8s tots molt.<br \/>\nLa Granja, \u00e9s&hellip;  <a href=\"https:\/\/agora.xtec.cat\/inslasinia\/general\/sortida-dels-alumnes-de-3r-i-4t-a-la-granja\/\" title=\"Read Sortida dels alumnes de 3r i 4t a &#8220;La Granja&#8221;\">Llegeix m\u00e9s\u00bb<\/a><\/p>\n","protected":false},"author":6,"featured_media":1474,"comment_status":"open","ping_status":"closed","sticky":false,"template":"","format":"standard","meta":{"_bbp_topic_count":0,"_bbp_reply_count":0,"_bbp_total_topic_count":0,"_bbp_total_reply_count":0,"_bbp_voice_count":0,"_bbp_anonymous_reply_count":0,"_bbp_topic_count_hidden":0,"_bbp_reply_count_hidden":0,"_bbp_forum_subforum_count":0,"footnotes":""},"categories":[1,29],"tags":[],"class_list":["post-1468","post","type-post","status-publish","format-standard","has-post-thumbnail","hentry","category-general","category-portada"],"post_mailing_queue_ids":[],"_links":{"self":[{"href":"https:\/\/agora.xtec.cat\/inslasinia\/wp-json\/wp\/v2\/posts\/1468","targetHints":{"allow":["GET"]}}],"collection":[{"href":"https:\/\/agora.xtec.cat\/inslasinia\/wp-json\/wp\/v2\/posts"}],"about":[{"href":"https:\/\/agora.xtec.cat\/inslasinia\/wp-json\/wp\/v2\/types\/post"}],"author":[{"embeddable":true,"href":"https:\/\/agora.xtec.cat\/inslasinia\/wp-json\/wp\/v2\/users\/6"}],"replies":[{"embeddable":true,"href":"https:\/\/agora.xtec.cat\/inslasinia\/wp-json\/wp\/v2\/comments?post=1468"}],"version-history":[{"count":2,"href":"https:\/\/agora.xtec.cat\/inslasinia\/wp-json\/wp\/v2\/posts\/1468\/revisions"}],"predecessor-version":[{"id":1475,"href":"https:\/\/agora.xtec.cat\/inslasinia\/wp-json\/wp\/v2\/posts\/1468\/revisions\/1475"}],"wp:featuredmedia":[{"embeddable":true,"href":"https:\/\/agora.xtec.cat\/inslasinia\/wp-json\/wp\/v2\/media\/1474"}],"wp:attachment":[{"href":"https:\/\/agora.xtec.cat\/inslasinia\/wp-json\/wp\/v2\/media?parent=1468"}],"wp:term":[{"taxonomy":"category","embeddable":true,"href":"https:\/\/agora.xtec.cat\/inslasinia\/wp-json\/wp\/v2\/categories?post=1468"},{"taxonomy":"post_tag","embeddable":true,"href":"https:\/\/agora.xtec.cat\/inslasinia\/wp-json\/wp\/v2\/tags?post=1468"}],"curies":[{"name":"wp","href":"https:\/\/api.w.org\/{rel}","templated":true}]}}