{"id":1363,"date":"2017-06-01T11:26:57","date_gmt":"2017-06-01T09:26:57","guid":{"rendered":"http:\/\/agora.xtec.cat\/inslasinia\/?p=1363"},"modified":"2017-06-01T11:26:57","modified_gmt":"2017-06-01T09:26:57","slug":"concurs-foto-matematica","status":"publish","type":"post","link":"https:\/\/agora.xtec.cat\/inslasinia\/general\/concurs-foto-matematica\/","title":{"rendered":"Concurs foto matem\u00e0tica"},"content":{"rendered":"<p><a href=\"http:\/\/agora.xtec.cat\/inslasinia\/wp-content\/uploads\/usu512\/2017\/06\/DBLEXCzXkAAL-x0.jpg\"><img loading=\"lazy\" decoding=\"async\" class=\"alignnone size-thumbnail wp-image-1364\" src=\"http:\/\/agora.xtec.cat\/inslasinia\/wp-content\/uploads\/usu512\/2017\/06\/DBLEXCzXkAAL-x0-150x150.jpg\" alt=\"DBLEXCzXkAAL-x0\" width=\"150\" height=\"150\" \/><\/a><\/p>\n<p>El jurat del 18\u00e8 concurs de fotografia matem\u00e0tica organitzada pel ABEAM (Associaci\u00f3 de Barcelona per a l&#8217;estudi i l&#8217;aprenentatge de les matem\u00e0tiques) va seleccionar com a finalista un dels grups presentats de l&#8217;institut la S\u00ednia i el dia 30 de maig es va fer p\u00fablic les fotografies guanyadores i els acc\u00e8ssits, otorgant-los un acc\u00e8sssit.<\/p>\n<p>El grup estava format pels alumnes Bruna, Paula, Cl\u00e0udia i Carles amb la fotografia creant un octaedre.<\/p>\n<p>&nbsp;<\/p>\n","protected":false},"excerpt":{"rendered":"<p><a href=\"http:\/\/agora.xtec.cat\/inslasinia\/wp-content\/uploads\/usu512\/2017\/06\/DBLEXCzXkAAL-x0.jpg\"><\/a><br \/>\nEl jurat del 18\u00e8 concurs de fotografia matem\u00e0tica organitzada pel ABEAM (Associaci\u00f3 de Barcelona per a l&#8217;estudi i l&#8217;aprenentatge de les matem\u00e0tiques) va seleccionar com a finalista un dels grups presentats de l&#8217;institut la S\u00ednia i el dia 30 de maig es va fer&hellip;  <a href=\"https:\/\/agora.xtec.cat\/inslasinia\/general\/concurs-foto-matematica\/\" title=\"Read Concurs foto matem\u00e0tica\">Llegeix m\u00e9s\u00bb<\/a><\/p>\n","protected":false},"author":6,"featured_media":1364,"comment_status":"open","ping_status":"closed","sticky":false,"template":"","format":"standard","meta":{"_bbp_topic_count":0,"_bbp_reply_count":0,"_bbp_total_topic_count":0,"_bbp_total_reply_count":0,"_bbp_voice_count":0,"_bbp_anonymous_reply_count":0,"_bbp_topic_count_hidden":0,"_bbp_reply_count_hidden":0,"_bbp_forum_subforum_count":0,"footnotes":""},"categories":[1,29],"tags":[],"class_list":["post-1363","post","type-post","status-publish","format-standard","has-post-thumbnail","hentry","category-general","category-portada"],"post_mailing_queue_ids":[],"_links":{"self":[{"href":"https:\/\/agora.xtec.cat\/inslasinia\/wp-json\/wp\/v2\/posts\/1363","targetHints":{"allow":["GET"]}}],"collection":[{"href":"https:\/\/agora.xtec.cat\/inslasinia\/wp-json\/wp\/v2\/posts"}],"about":[{"href":"https:\/\/agora.xtec.cat\/inslasinia\/wp-json\/wp\/v2\/types\/post"}],"author":[{"embeddable":true,"href":"https:\/\/agora.xtec.cat\/inslasinia\/wp-json\/wp\/v2\/users\/6"}],"replies":[{"embeddable":true,"href":"https:\/\/agora.xtec.cat\/inslasinia\/wp-json\/wp\/v2\/comments?post=1363"}],"version-history":[{"count":1,"href":"https:\/\/agora.xtec.cat\/inslasinia\/wp-json\/wp\/v2\/posts\/1363\/revisions"}],"predecessor-version":[{"id":1365,"href":"https:\/\/agora.xtec.cat\/inslasinia\/wp-json\/wp\/v2\/posts\/1363\/revisions\/1365"}],"wp:featuredmedia":[{"embeddable":true,"href":"https:\/\/agora.xtec.cat\/inslasinia\/wp-json\/wp\/v2\/media\/1364"}],"wp:attachment":[{"href":"https:\/\/agora.xtec.cat\/inslasinia\/wp-json\/wp\/v2\/media?parent=1363"}],"wp:term":[{"taxonomy":"category","embeddable":true,"href":"https:\/\/agora.xtec.cat\/inslasinia\/wp-json\/wp\/v2\/categories?post=1363"},{"taxonomy":"post_tag","embeddable":true,"href":"https:\/\/agora.xtec.cat\/inslasinia\/wp-json\/wp\/v2\/tags?post=1363"}],"curies":[{"name":"wp","href":"https:\/\/api.w.org\/{rel}","templated":true}]}}