{"id":917,"date":"2017-04-28T14:29:53","date_gmt":"2017-04-28T12:29:53","guid":{"rendered":"http:\/\/agora.xtec.cat\/inslaserrasabadell\/?p=917"},"modified":"2017-05-05T13:56:07","modified_gmt":"2017-05-05T11:56:07","slug":"excursio-conjunt-monumental-sant-pere-de-terrassa","status":"publish","type":"post","link":"https:\/\/agora.xtec.cat\/inslaserrasabadell\/general\/excursio-conjunt-monumental-sant-pere-de-terrassa\/","title":{"rendered":"Excursi\u00f3 Conjunt Monumental Sant Pere de Terrassa"},"content":{"rendered":"<p><em>Article creat i editat per Judith Fernandez ( redacci\u00f3 de la Veu de la Serra)<\/em><\/p>\n<p>Aquest dijous els alumnes de 1r i 2n d\u2019ESO vam anar a visitar el Conjunt Monumental de Sant Pere i Vallparad\u00eds.<\/p>\n<p>Aquesta excursi\u00f3 ha estat dins de l\u2019assignatura de Ci\u00e8ncies Socials. D\u2019aquesta manera, hem apr\u00e8s com s\u00f3n les construccions del rom\u00e0nic i\u00a0 tamb\u00e9 vam veure les tombes.<\/p>\n<figure style=\"width: 142px\" class=\"wp-caption alignright\"><img loading=\"lazy\" decoding=\"async\" src=\"https:\/\/pbs.twimg.com\/media\/C8LBYatU0AAFvQK.jpg\" width=\"142\" height=\"190\" \/><figcaption class=\"wp-caption-text\">Visita a Sant Pere de Terrassa<\/figcaption><\/figure>\n<figure style=\"width: 212px\" class=\"wp-caption alignleft\"><img loading=\"lazy\" decoding=\"async\" src=\"https:\/\/pbs.twimg.com\/media\/C8LBZWmXsAADGA4.jpg\" width=\"212\" height=\"159\" \/><figcaption class=\"wp-caption-text\">Castell del Vallparad\u00eds de Terrassa<\/figcaption><\/figure>\n<p>Despr\u00e9s els professors ens van deixar estona lliure per fer el que volgu\u00e9ssim. A l\u2019estona vam anar caminant cap a l\u2019estaci\u00f3 del tren i quan vam arribar vam agafar el tren fins a Sabadell centre i despr\u00e9s vam agafar el autob\u00fas.<\/p>\n<p>Despr\u00e9s cada alumne va baixar a la parada m\u00e9s propera de casa seva i cadasc\u00fa va anar cap a casa seva.<\/p>\n","protected":false},"excerpt":{"rendered":"<p>Aquest dijous els alumnes de 1r i 2n d\u2019ESO vam anar a visitar el Conjunt Monumental de Sant Pere i Vallparad\u00eds.<\/p>\n","protected":false},"author":4,"featured_media":946,"comment_status":"open","ping_status":"open","sticky":false,"template":"","format":"standard","meta":{"_bbp_topic_count":0,"_bbp_reply_count":0,"_bbp_total_topic_count":0,"_bbp_total_reply_count":0,"_bbp_voice_count":0,"_bbp_anonymous_reply_count":0,"_bbp_topic_count_hidden":0,"_bbp_reply_count_hidden":0,"_bbp_forum_subforum_count":0,"site-sidebar-layout":"default","site-content-layout":"","ast-site-content-layout":"","site-content-style":"default","site-sidebar-style":"default","ast-global-header-display":"","ast-banner-title-visibility":"","ast-main-header-display":"","ast-hfb-above-header-display":"","ast-hfb-below-header-display":"","ast-hfb-mobile-header-display":"","site-post-title":"","ast-breadcrumbs-content":"","ast-featured-img":"","footer-sml-layout":"","theme-transparent-header-meta":"","adv-header-id-meta":"","stick-header-meta":"","header-above-stick-meta":"","header-main-stick-meta":"","header-below-stick-meta":"","astra-migrate-meta-layouts":"default","ast-page-background-enabled":"default","ast-page-background-meta":{"desktop":{"background-color":"var(--ast-global-color-4)","background-image":"","background-repeat":"repeat","background-position":"center center","background-size":"auto","background-attachment":"scroll","background-type":"","background-media":"","overlay-type":"","overlay-color":"","overlay-opacity":"","overlay-gradient":""},"tablet":{"background-color":"","background-image":"","background-repeat":"repeat","background-position":"center center","background-size":"auto","background-attachment":"scroll","background-type":"","background-media":"","overlay-type":"","overlay-color":"","overlay-opacity":"","overlay-gradient":""},"mobile":{"background-color":"","background-image":"","background-repeat":"repeat","background-position":"center center","background-size":"auto","background-attachment":"scroll","background-type":"","background-media":"","overlay-type":"","overlay-color":"","overlay-opacity":"","overlay-gradient":""}},"ast-content-background-meta":{"desktop":{"background-color":"var(--ast-global-color-5)","background-image":"","background-repeat":"repeat","background-position":"center center","background-size":"auto","background-attachment":"scroll","background-type":"","background-media":"","overlay-type":"","overlay-color":"","overlay-opacity":"","overlay-gradient":""},"tablet":{"background-color":"var(--ast-global-color-5)","background-image":"","background-repeat":"repeat","background-position":"center center","background-size":"auto","background-attachment":"scroll","background-type":"","background-media":"","overlay-type":"","overlay-color":"","overlay-opacity":"","overlay-gradient":""},"mobile":{"background-color":"var(--ast-global-color-5)","background-image":"","background-repeat":"repeat","background-position":"center center","background-size":"auto","background-attachment":"scroll","background-type":"","background-media":"","overlay-type":"","overlay-color":"","overlay-opacity":"","overlay-gradient":""}},"footnotes":""},"categories":[1,121],"tags":[],"class_list":["post-917","post","type-post","status-publish","format-standard","has-post-thumbnail","hentry","category-general","category-veuserra"],"post_mailing_queue_ids":[],"_links":{"self":[{"href":"https:\/\/agora.xtec.cat\/inslaserrasabadell\/wp-json\/wp\/v2\/posts\/917","targetHints":{"allow":["GET"]}}],"collection":[{"href":"https:\/\/agora.xtec.cat\/inslaserrasabadell\/wp-json\/wp\/v2\/posts"}],"about":[{"href":"https:\/\/agora.xtec.cat\/inslaserrasabadell\/wp-json\/wp\/v2\/types\/post"}],"author":[{"embeddable":true,"href":"https:\/\/agora.xtec.cat\/inslaserrasabadell\/wp-json\/wp\/v2\/users\/4"}],"replies":[{"embeddable":true,"href":"https:\/\/agora.xtec.cat\/inslaserrasabadell\/wp-json\/wp\/v2\/comments?post=917"}],"version-history":[{"count":1,"href":"https:\/\/agora.xtec.cat\/inslaserrasabadell\/wp-json\/wp\/v2\/posts\/917\/revisions"}],"predecessor-version":[{"id":930,"href":"https:\/\/agora.xtec.cat\/inslaserrasabadell\/wp-json\/wp\/v2\/posts\/917\/revisions\/930"}],"wp:featuredmedia":[{"embeddable":true,"href":"https:\/\/agora.xtec.cat\/inslaserrasabadell\/wp-json\/wp\/v2\/media\/946"}],"wp:attachment":[{"href":"https:\/\/agora.xtec.cat\/inslaserrasabadell\/wp-json\/wp\/v2\/media?parent=917"}],"wp:term":[{"taxonomy":"category","embeddable":true,"href":"https:\/\/agora.xtec.cat\/inslaserrasabadell\/wp-json\/wp\/v2\/categories?post=917"},{"taxonomy":"post_tag","embeddable":true,"href":"https:\/\/agora.xtec.cat\/inslaserrasabadell\/wp-json\/wp\/v2\/tags?post=917"}],"curies":[{"name":"wp","href":"https:\/\/api.w.org\/{rel}","templated":true}]}}